
{"id":6588,"date":"2016-07-27T15:47:21","date_gmt":"2016-07-27T15:47:21","guid":{"rendered":"https:\/\/www.tnsglobal.pl\/archiwumraportow\/?p=6588"},"modified":"2016-07-27T15:47:21","modified_gmt":"2016-07-27T15:47:21","slug":"ocena-wyboru-donalda-tuska-na-przewodniczacego-rady-europejskiej","status":"publish","type":"post","link":"https:\/\/public.kantarpolska.com\/archiwumraportow\/2016\/07\/27\/ocena-wyboru-donalda-tuska-na-przewodniczacego-rady-europejskiej\/","title":{"rendered":"Ocena wyboru Donalda Tuska na Przewodnicz\u0105cego Rady Europejskiej"},"content":{"rendered":"<p>Donald Tusk pe\u0142ni funkcj\u0119 Przewodnicz\u0105cego Rady Europejskiej od 1 grudnia 2014 roku. Czy z perspektywy czasu, Polacy uwa\u017caj\u0105, \u017ce wyb\u00f3r by\u0142ego premiera Polski na szefa Rady Europejskiej to dobry wyb\u00f3r dla interes\u00f3w Europy oraz dla interes\u00f3w naszego kraju? TNS <!--more-->Polska zapyta\u0142 o to Polak\u00f3w niemal dwa lata temu \u2013 we wrze\u015bniu 2014 roku (przed oficjalnym obj\u0119ciem funkcji przez Donalda Tuska), a tak\u017ce w lipcu bie\u017c\u0105cego roku. Poni\u017cszy raport przedstawia naj\u015bwie\u017csze wyniki oraz ich por\u00f3wnanie z danymi z 2014 roku.<\/p>\n","protected":false},"excerpt":{"rendered":"<p>Donald Tusk pe\u0142ni funkcj\u0119 Przewodnicz\u0105cego Rady Europejskiej od 1 grudnia 2014 roku. Czy z perspektywy czasu, Polacy uwa\u017caj\u0105, \u017ce wyb\u00f3r by\u0142ego premiera Polski na szefa Rady Europejskiej to dobry wyb\u00f3r dla interes\u00f3w Europy oraz dla interes\u00f3w naszego kraju? TNS<\/p>\n","protected":false},"author":16,"featured_media":0,"comment_status":"closed","ping_status":"closed","sticky":false,"template":"","format":"standard","meta":{"ngg_post_thumbnail":0},"categories":[1],"tags":[57],"_links":{"self":[{"href":"https:\/\/public.kantarpolska.com\/archiwumraportow\/wp-json\/wp\/v2\/posts\/6588"}],"collection":[{"href":"https:\/\/public.kantarpolska.com\/archiwumraportow\/wp-json\/wp\/v2\/posts"}],"about":[{"href":"https:\/\/public.kantarpolska.com\/archiwumraportow\/wp-json\/wp\/v2\/types\/post"}],"author":[{"embeddable":true,"href":"https:\/\/public.kantarpolska.com\/archiwumraportow\/wp-json\/wp\/v2\/users\/16"}],"replies":[{"embeddable":true,"href":"https:\/\/public.kantarpolska.com\/archiwumraportow\/wp-json\/wp\/v2\/comments?post=6588"}],"version-history":[{"count":1,"href":"https:\/\/public.kantarpolska.com\/archiwumraportow\/wp-json\/wp\/v2\/posts\/6588\/revisions"}],"predecessor-version":[{"id":6590,"href":"https:\/\/public.kantarpolska.com\/archiwumraportow\/wp-json\/wp\/v2\/posts\/6588\/revisions\/6590"}],"wp:attachment":[{"href":"https:\/\/public.kantarpolska.com\/archiwumraportow\/wp-json\/wp\/v2\/media?parent=6588"}],"wp:term":[{"taxonomy":"category","embeddable":true,"href":"https:\/\/public.kantarpolska.com\/archiwumraportow\/wp-json\/wp\/v2\/categories?post=6588"},{"taxonomy":"post_tag","embeddable":true,"href":"https:\/\/public.kantarpolska.com\/archiwumraportow\/wp-json\/wp\/v2\/tags?post=6588"}],"curies":[{"name":"wp","href":"https:\/\/api.w.org\/{rel}","templated":true}]}}