
{"id":6573,"date":"2016-07-12T10:34:01","date_gmt":"2016-07-12T10:34:01","guid":{"rendered":"https:\/\/www.tnsglobal.pl\/archiwumraportow\/?p=6573"},"modified":"2016-07-12T10:34:01","modified_gmt":"2016-07-12T10:34:01","slug":"preferencje-partyjne-polakow-lipiec-2016","status":"publish","type":"post","link":"https:\/\/public.kantarpolska.com\/archiwumraportow\/2016\/07\/12\/preferencje-partyjne-polakow-lipiec-2016\/","title":{"rendered":"Preferencje partyjne Polak\u00f3w. Lipiec 2016"},"content":{"rendered":"<p>Na pocz\u0105tku lipca 2016 roku TNS Polska, w swoim cyklicznym, comiesi\u0119cznym badaniu Omnibus, zapyta\u0142 Polak\u00f3w o ewentualn\u0105 gotowo\u015b\u0107 uczestnictwa w wyborach do Sejmu, gdyby takie mia\u0142y odby\u0107 si\u0119 w najbli\u017csz\u0105 niedziel\u0119, a tak\u017ce o spos\u00f3b g\u0142osowania w takich <!--more-->wyborach. Niniejszy raport przedstawia najnowsze wyniki oraz ich por\u00f3wnanie z danymi z poprzednich pomiar\u00f3w.<\/p>\n","protected":false},"excerpt":{"rendered":"<p>Na pocz\u0105tku lipca 2016 roku TNS Polska, w swoim cyklicznym, comiesi\u0119cznym badaniu Omnibus, zapyta\u0142 Polak\u00f3w o ewentualn\u0105 gotowo\u015b\u0107 uczestnictwa w wyborach do Sejmu, gdyby takie mia\u0142y odby\u0107 si\u0119 w najbli\u017csz\u0105 niedziel\u0119, a tak\u017ce o spos\u00f3b g\u0142osowania w takich<\/p>\n","protected":false},"author":16,"featured_media":0,"comment_status":"closed","ping_status":"closed","sticky":false,"template":"","format":"standard","meta":{"ngg_post_thumbnail":0},"categories":[1],"tags":[27,12,17],"_links":{"self":[{"href":"https:\/\/public.kantarpolska.com\/archiwumraportow\/wp-json\/wp\/v2\/posts\/6573"}],"collection":[{"href":"https:\/\/public.kantarpolska.com\/archiwumraportow\/wp-json\/wp\/v2\/posts"}],"about":[{"href":"https:\/\/public.kantarpolska.com\/archiwumraportow\/wp-json\/wp\/v2\/types\/post"}],"author":[{"embeddable":true,"href":"https:\/\/public.kantarpolska.com\/archiwumraportow\/wp-json\/wp\/v2\/users\/16"}],"replies":[{"embeddable":true,"href":"https:\/\/public.kantarpolska.com\/archiwumraportow\/wp-json\/wp\/v2\/comments?post=6573"}],"version-history":[{"count":1,"href":"https:\/\/public.kantarpolska.com\/archiwumraportow\/wp-json\/wp\/v2\/posts\/6573\/revisions"}],"predecessor-version":[{"id":6575,"href":"https:\/\/public.kantarpolska.com\/archiwumraportow\/wp-json\/wp\/v2\/posts\/6573\/revisions\/6575"}],"wp:attachment":[{"href":"https:\/\/public.kantarpolska.com\/archiwumraportow\/wp-json\/wp\/v2\/media?parent=6573"}],"wp:term":[{"taxonomy":"category","embeddable":true,"href":"https:\/\/public.kantarpolska.com\/archiwumraportow\/wp-json\/wp\/v2\/categories?post=6573"},{"taxonomy":"post_tag","embeddable":true,"href":"https:\/\/public.kantarpolska.com\/archiwumraportow\/wp-json\/wp\/v2\/tags?post=6573"}],"curies":[{"name":"wp","href":"https:\/\/api.w.org\/{rel}","templated":true}]}}