
{"id":6557,"date":"2016-06-29T12:56:29","date_gmt":"2016-06-29T12:56:29","guid":{"rendered":"https:\/\/www.tnsglobal.pl\/archiwumraportow\/?p=6557"},"modified":"2016-06-29T12:56:29","modified_gmt":"2016-06-29T12:56:29","slug":"przyjecie-wspolnej-waluty-euro-czerwiec-2016","status":"publish","type":"post","link":"https:\/\/public.kantarpolska.com\/archiwumraportow\/2016\/06\/29\/przyjecie-wspolnej-waluty-euro-czerwiec-2016\/","title":{"rendered":"Przyj\u0119cie wsp\u00f3lnej waluty euro. Czerwiec 2016"},"content":{"rendered":"<p>W czerwcu 2016 roku TNS Polska przeprowadzi\u0142 cykliczny sonda\u017c, w kt\u00f3rym zapyta\u0142 Polak\u00f3w o opinie na temat wej\u015bcia naszego kraju do strefy euro. Pytania dotyczy\u0142y og\u00f3lnej oceny wprowadzenia euro, preferowanej daty przyj\u0119cia wsp\u00f3lnej waluty europejskiej oraz <!--more-->przewidywanych konsekwencji zmiany waluty dla gospodarstw domowych, polskiej gospodarki, a tak\u017ce to\u017csamo\u015bci narodowej.<\/p>\n","protected":false},"excerpt":{"rendered":"<p>W czerwcu 2016 roku TNS Polska przeprowadzi\u0142 cykliczny sonda\u017c, w kt\u00f3rym zapyta\u0142 Polak\u00f3w o opinie na temat wej\u015bcia naszego kraju do strefy euro. Pytania dotyczy\u0142y og\u00f3lnej oceny wprowadzenia euro, preferowanej daty przyj\u0119cia wsp\u00f3lnej waluty europejskiej oraz<\/p>\n","protected":false},"author":16,"featured_media":0,"comment_status":"closed","ping_status":"closed","sticky":false,"template":"","format":"standard","meta":{"ngg_post_thumbnail":0},"categories":[1],"tags":[55,57],"_links":{"self":[{"href":"https:\/\/public.kantarpolska.com\/archiwumraportow\/wp-json\/wp\/v2\/posts\/6557"}],"collection":[{"href":"https:\/\/public.kantarpolska.com\/archiwumraportow\/wp-json\/wp\/v2\/posts"}],"about":[{"href":"https:\/\/public.kantarpolska.com\/archiwumraportow\/wp-json\/wp\/v2\/types\/post"}],"author":[{"embeddable":true,"href":"https:\/\/public.kantarpolska.com\/archiwumraportow\/wp-json\/wp\/v2\/users\/16"}],"replies":[{"embeddable":true,"href":"https:\/\/public.kantarpolska.com\/archiwumraportow\/wp-json\/wp\/v2\/comments?post=6557"}],"version-history":[{"count":1,"href":"https:\/\/public.kantarpolska.com\/archiwumraportow\/wp-json\/wp\/v2\/posts\/6557\/revisions"}],"predecessor-version":[{"id":6559,"href":"https:\/\/public.kantarpolska.com\/archiwumraportow\/wp-json\/wp\/v2\/posts\/6557\/revisions\/6559"}],"wp:attachment":[{"href":"https:\/\/public.kantarpolska.com\/archiwumraportow\/wp-json\/wp\/v2\/media?parent=6557"}],"wp:term":[{"taxonomy":"category","embeddable":true,"href":"https:\/\/public.kantarpolska.com\/archiwumraportow\/wp-json\/wp\/v2\/categories?post=6557"},{"taxonomy":"post_tag","embeddable":true,"href":"https:\/\/public.kantarpolska.com\/archiwumraportow\/wp-json\/wp\/v2\/tags?post=6557"}],"curies":[{"name":"wp","href":"https:\/\/api.w.org\/{rel}","templated":true}]}}