
{"id":6553,"date":"2016-06-27T12:15:31","date_gmt":"2016-06-27T12:15:31","guid":{"rendered":"https:\/\/www.tnsglobal.pl\/archiwumraportow\/?p=6553"},"modified":"2016-06-27T12:15:31","modified_gmt":"2016-06-27T12:15:31","slug":"mieszkanie-plus-sukces-czy-porazka","status":"publish","type":"post","link":"https:\/\/public.kantarpolska.com\/archiwumraportow\/2016\/06\/27\/mieszkanie-plus-sukces-czy-porazka\/","title":{"rendered":"&#8222;Mieszkanie Plus&#8221; &#8211; sukces czy pora\u017cka?"},"content":{"rendered":"<p>3 czerwca 2016 roku premier Beata Szyd\u0142o zaprezentowa\u0142a na konferencji prasowej program \u201eMieszkanie Plus\u201d. Jak poinformowa\u0142a premier: \u201eTen program jest pierwszym tego typu kompleksowym rozwi\u0105zaniem problem\u00f3w mieszkaniowych Polak\u00f3w. Czynsz <!--more-->wynajmu takiego mieszkania b\u0119dzie od 10-20 z\u0142 za metr kwadratowy. Ten wynajem b\u0119dzie z mo\u017cliwo\u015bci\u0105 doj\u015bcia do w\u0142asno\u015bci.\u201d Czy Polacy s\u0142yszeli o tym programie? Co o nim s\u0105dz\u0105? Czy b\u0119dzie to raczej sukces czy pora\u017cka rz\u0105du Beaty Szyd\u0142o? Poni\u017cszy raport jest odpowiedzi\u0105 na te pytania.<\/p>\n","protected":false},"excerpt":{"rendered":"<p>3 czerwca 2016 roku premier Beata Szyd\u0142o zaprezentowa\u0142a na konferencji prasowej program \u201eMieszkanie Plus\u201d. Jak poinformowa\u0142a premier: \u201eTen program jest pierwszym tego typu kompleksowym rozwi\u0105zaniem problem\u00f3w mieszkaniowych Polak\u00f3w. Czynsz<\/p>\n","protected":false},"author":16,"featured_media":0,"comment_status":"closed","ping_status":"closed","sticky":false,"template":"","format":"standard","meta":{"ngg_post_thumbnail":0},"categories":[1],"tags":[144,30],"_links":{"self":[{"href":"https:\/\/public.kantarpolska.com\/archiwumraportow\/wp-json\/wp\/v2\/posts\/6553"}],"collection":[{"href":"https:\/\/public.kantarpolska.com\/archiwumraportow\/wp-json\/wp\/v2\/posts"}],"about":[{"href":"https:\/\/public.kantarpolska.com\/archiwumraportow\/wp-json\/wp\/v2\/types\/post"}],"author":[{"embeddable":true,"href":"https:\/\/public.kantarpolska.com\/archiwumraportow\/wp-json\/wp\/v2\/users\/16"}],"replies":[{"embeddable":true,"href":"https:\/\/public.kantarpolska.com\/archiwumraportow\/wp-json\/wp\/v2\/comments?post=6553"}],"version-history":[{"count":2,"href":"https:\/\/public.kantarpolska.com\/archiwumraportow\/wp-json\/wp\/v2\/posts\/6553\/revisions"}],"predecessor-version":[{"id":6556,"href":"https:\/\/public.kantarpolska.com\/archiwumraportow\/wp-json\/wp\/v2\/posts\/6553\/revisions\/6556"}],"wp:attachment":[{"href":"https:\/\/public.kantarpolska.com\/archiwumraportow\/wp-json\/wp\/v2\/media?parent=6553"}],"wp:term":[{"taxonomy":"category","embeddable":true,"href":"https:\/\/public.kantarpolska.com\/archiwumraportow\/wp-json\/wp\/v2\/categories?post=6553"},{"taxonomy":"post_tag","embeddable":true,"href":"https:\/\/public.kantarpolska.com\/archiwumraportow\/wp-json\/wp\/v2\/tags?post=6553"}],"curies":[{"name":"wp","href":"https:\/\/api.w.org\/{rel}","templated":true}]}}