
{"id":6547,"date":"2016-06-20T12:17:50","date_gmt":"2016-06-20T12:17:50","guid":{"rendered":"https:\/\/www.tnsglobal.pl\/archiwumraportow\/?p=6547"},"modified":"2016-06-20T12:17:50","modified_gmt":"2016-06-20T12:17:50","slug":"ocena-dzialalnosci-rzadu-premiera-i-prezydenta-w-czerwcu-2016-roku","status":"publish","type":"post","link":"https:\/\/public.kantarpolska.com\/archiwumraportow\/2016\/06\/20\/ocena-dzialalnosci-rzadu-premiera-i-prezydenta-w-czerwcu-2016-roku\/","title":{"rendered":"Ocena dzia\u0142alno\u015bci rz\u0105du, premiera i prezydenta w czerwcu 2016 roku"},"content":{"rendered":"<p>Na pocz\u0105tku czerwca 2016 r., jak co miesi\u0105c, TNS Polska zapyta\u0142 Polak\u00f3w, jak oceniaj\u0105 prac\u0119 rz\u0105du, pani premier Beaty Szyd\u0142o oraz prezydenta Andrzeja Dudy. Raport prezentuje najnowsze wyniki oraz ich por\u00f3wnanie z danymi z poprzednich miesi\u0119cy.<!--more--><\/p>\n","protected":false},"excerpt":{"rendered":"<p>Na pocz\u0105tku czerwca 2016 r., jak co miesi\u0105c, TNS Polska zapyta\u0142 Polak\u00f3w, jak oceniaj\u0105 prac\u0119 rz\u0105du, pani premier Beaty Szyd\u0142o oraz prezydenta Andrzeja Dudy. Raport prezentuje najnowsze wyniki oraz ich por\u00f3wnanie z danymi z poprzednich miesi\u0119cy.<\/p>\n","protected":false},"author":16,"featured_media":0,"comment_status":"closed","ping_status":"closed","sticky":false,"template":"","format":"standard","meta":{"ngg_post_thumbnail":0},"categories":[1],"tags":[11,12,10],"_links":{"self":[{"href":"https:\/\/public.kantarpolska.com\/archiwumraportow\/wp-json\/wp\/v2\/posts\/6547"}],"collection":[{"href":"https:\/\/public.kantarpolska.com\/archiwumraportow\/wp-json\/wp\/v2\/posts"}],"about":[{"href":"https:\/\/public.kantarpolska.com\/archiwumraportow\/wp-json\/wp\/v2\/types\/post"}],"author":[{"embeddable":true,"href":"https:\/\/public.kantarpolska.com\/archiwumraportow\/wp-json\/wp\/v2\/users\/16"}],"replies":[{"embeddable":true,"href":"https:\/\/public.kantarpolska.com\/archiwumraportow\/wp-json\/wp\/v2\/comments?post=6547"}],"version-history":[{"count":1,"href":"https:\/\/public.kantarpolska.com\/archiwumraportow\/wp-json\/wp\/v2\/posts\/6547\/revisions"}],"predecessor-version":[{"id":6549,"href":"https:\/\/public.kantarpolska.com\/archiwumraportow\/wp-json\/wp\/v2\/posts\/6547\/revisions\/6549"}],"wp:attachment":[{"href":"https:\/\/public.kantarpolska.com\/archiwumraportow\/wp-json\/wp\/v2\/media?parent=6547"}],"wp:term":[{"taxonomy":"category","embeddable":true,"href":"https:\/\/public.kantarpolska.com\/archiwumraportow\/wp-json\/wp\/v2\/categories?post=6547"},{"taxonomy":"post_tag","embeddable":true,"href":"https:\/\/public.kantarpolska.com\/archiwumraportow\/wp-json\/wp\/v2\/tags?post=6547"}],"curies":[{"name":"wp","href":"https:\/\/api.w.org\/{rel}","templated":true}]}}