
{"id":6518,"date":"2016-06-03T16:06:03","date_gmt":"2016-06-03T16:06:03","guid":{"rendered":"https:\/\/www.tnsglobal.pl\/archiwumraportow\/?p=6518"},"modified":"2016-06-03T16:14:20","modified_gmt":"2016-06-03T16:14:20","slug":"komuna-i-demokracja-ocena-prl-i-okresu-po-4-czerwca-1989-roku","status":"publish","type":"post","link":"https:\/\/public.kantarpolska.com\/archiwumraportow\/2016\/06\/03\/komuna-i-demokracja-ocena-prl-i-okresu-po-4-czerwca-1989-roku\/","title":{"rendered":"Komuna i demokracja &#8211; ocena PRL i okresu po 4 czerwca 1989 roku"},"content":{"rendered":"<p>Od pierwszych cz\u0119\u015bciowo wolnych wybor\u00f3w w Polsce po II wojnie \u015bwiatowej (4 czerwca 1989 roku) do dzisiaj mija ju\u017c ponad \u0107wier\u0107 wieku (dok\u0142adnie 27 lat). W maju TNS Polska zapyta\u0142 Polak\u00f3w o to, jakie jest ich zainteresowanie przesz\u0142o\u015bci\u0105, o to jak oceniaj\u0105 okres <!--more-->Polski Ludowej oraz jak postrzegaj\u0105 ostatnie 27 lat demokracji w naszym kraju. Komunikat prezentuje uzyskane wyniki oraz ich por\u00f3wnanie do danych z 2014 roku.<\/p>\n","protected":false},"excerpt":{"rendered":"<p>Od pierwszych cz\u0119\u015bciowo wolnych wybor\u00f3w w Polsce po II wojnie \u015bwiatowej (4 czerwca 1989 roku) do dzisiaj mija ju\u017c ponad \u0107wier\u0107 wieku (dok\u0142adnie 27 lat). W maju TNS Polska zapyta\u0142 Polak\u00f3w o to, jakie jest ich zainteresowanie przesz\u0142o\u015bci\u0105, o to jak oceniaj\u0105 okres<\/p>\n","protected":false},"author":16,"featured_media":0,"comment_status":"closed","ping_status":"closed","sticky":false,"template":"","format":"standard","meta":{"ngg_post_thumbnail":0},"categories":[1],"tags":[127,124,93],"_links":{"self":[{"href":"https:\/\/public.kantarpolska.com\/archiwumraportow\/wp-json\/wp\/v2\/posts\/6518"}],"collection":[{"href":"https:\/\/public.kantarpolska.com\/archiwumraportow\/wp-json\/wp\/v2\/posts"}],"about":[{"href":"https:\/\/public.kantarpolska.com\/archiwumraportow\/wp-json\/wp\/v2\/types\/post"}],"author":[{"embeddable":true,"href":"https:\/\/public.kantarpolska.com\/archiwumraportow\/wp-json\/wp\/v2\/users\/16"}],"replies":[{"embeddable":true,"href":"https:\/\/public.kantarpolska.com\/archiwumraportow\/wp-json\/wp\/v2\/comments?post=6518"}],"version-history":[{"count":1,"href":"https:\/\/public.kantarpolska.com\/archiwumraportow\/wp-json\/wp\/v2\/posts\/6518\/revisions"}],"predecessor-version":[{"id":6520,"href":"https:\/\/public.kantarpolska.com\/archiwumraportow\/wp-json\/wp\/v2\/posts\/6518\/revisions\/6520"}],"wp:attachment":[{"href":"https:\/\/public.kantarpolska.com\/archiwumraportow\/wp-json\/wp\/v2\/media?parent=6518"}],"wp:term":[{"taxonomy":"category","embeddable":true,"href":"https:\/\/public.kantarpolska.com\/archiwumraportow\/wp-json\/wp\/v2\/categories?post=6518"},{"taxonomy":"post_tag","embeddable":true,"href":"https:\/\/public.kantarpolska.com\/archiwumraportow\/wp-json\/wp\/v2\/tags?post=6518"}],"curies":[{"name":"wp","href":"https:\/\/api.w.org\/{rel}","templated":true}]}}