
{"id":6467,"date":"2016-03-15T13:12:15","date_gmt":"2016-03-15T13:12:15","guid":{"rendered":"https:\/\/www.tnsglobal.pl\/archiwumraportow\/?p=6467"},"modified":"2016-03-15T13:12:15","modified_gmt":"2016-03-15T13:12:15","slug":"ocena-dzialalnosci-rzadu-premiera-i-prezydenta-w-marcu-2016-roku","status":"publish","type":"post","link":"https:\/\/public.kantarpolska.com\/archiwumraportow\/2016\/03\/15\/ocena-dzialalnosci-rzadu-premiera-i-prezydenta-w-marcu-2016-roku\/","title":{"rendered":"Ocena dzia\u0142alno\u015bci rz\u0105du, premiera i prezydenta w marcu 2016 roku"},"content":{"rendered":"<p>W pierwszej po\u0142owie marca\u00a0 2016 roku TNS Polska, jak co miesi\u0105c, zapyta\u0142 Polak\u00f3w o ocen\u0119 pracy rz\u0105du, pani premier Beaty Szyd\u0142o oraz prezydenta Andrzeja Dudy. W raporcie zaprezentowane s\u0105 najnowsze wyniki oraz ich por\u00f3wnanie\u00a0 z danymi z poprzednich <!--more-->miesi\u0119cy.<\/p>\n","protected":false},"excerpt":{"rendered":"<p>W pierwszej po\u0142owie marca\u00a0 2016 roku TNS Polska, jak co miesi\u0105c, zapyta\u0142 Polak\u00f3w o ocen\u0119 pracy rz\u0105du, pani premier Beaty Szyd\u0142o oraz prezydenta Andrzeja Dudy. W raporcie zaprezentowane s\u0105 najnowsze wyniki oraz ich por\u00f3wnanie\u00a0 z danymi z poprzednich<\/p>\n","protected":false},"author":16,"featured_media":0,"comment_status":"closed","ping_status":"closed","sticky":false,"template":"","format":"standard","meta":{"ngg_post_thumbnail":0},"categories":[1],"tags":[11,12,10],"_links":{"self":[{"href":"https:\/\/public.kantarpolska.com\/archiwumraportow\/wp-json\/wp\/v2\/posts\/6467"}],"collection":[{"href":"https:\/\/public.kantarpolska.com\/archiwumraportow\/wp-json\/wp\/v2\/posts"}],"about":[{"href":"https:\/\/public.kantarpolska.com\/archiwumraportow\/wp-json\/wp\/v2\/types\/post"}],"author":[{"embeddable":true,"href":"https:\/\/public.kantarpolska.com\/archiwumraportow\/wp-json\/wp\/v2\/users\/16"}],"replies":[{"embeddable":true,"href":"https:\/\/public.kantarpolska.com\/archiwumraportow\/wp-json\/wp\/v2\/comments?post=6467"}],"version-history":[{"count":1,"href":"https:\/\/public.kantarpolska.com\/archiwumraportow\/wp-json\/wp\/v2\/posts\/6467\/revisions"}],"predecessor-version":[{"id":6469,"href":"https:\/\/public.kantarpolska.com\/archiwumraportow\/wp-json\/wp\/v2\/posts\/6467\/revisions\/6469"}],"wp:attachment":[{"href":"https:\/\/public.kantarpolska.com\/archiwumraportow\/wp-json\/wp\/v2\/media?parent=6467"}],"wp:term":[{"taxonomy":"category","embeddable":true,"href":"https:\/\/public.kantarpolska.com\/archiwumraportow\/wp-json\/wp\/v2\/categories?post=6467"},{"taxonomy":"post_tag","embeddable":true,"href":"https:\/\/public.kantarpolska.com\/archiwumraportow\/wp-json\/wp\/v2\/tags?post=6467"}],"curies":[{"name":"wp","href":"https:\/\/api.w.org\/{rel}","templated":true}]}}