
{"id":6455,"date":"2016-02-24T10:15:19","date_gmt":"2016-02-24T10:15:19","guid":{"rendered":"https:\/\/www.tnsglobal.pl\/archiwumraportow\/?p=6455"},"modified":"2016-02-24T10:15:19","modified_gmt":"2016-02-24T10:15:19","slug":"polacy-o-najwazniejszych-problemach-polski-i-o-problemach-lokalnych","status":"publish","type":"post","link":"https:\/\/public.kantarpolska.com\/archiwumraportow\/2016\/02\/24\/polacy-o-najwazniejszych-problemach-polski-i-o-problemach-lokalnych\/","title":{"rendered":"Polacy o najwa\u017cniejszych problemach Polski i o problemach lokalnych"},"content":{"rendered":"<p>Kilka miesi\u0119cy po wyborach parlamentarnych w pierwszej po\u0142owie lutego 2016 roku TNS Polska zapyta\u0142 Polak\u00f3w, jakie s\u0105 \u2013 w ich odczuciu \u2013 najwa\u017cniejsze problemy regionu, okolicy, w kt\u00f3rej mieszkaj\u0105 oraz jakie s\u0105 najwa\u017cniejsze problemy, z jakimi boryka si\u0119 nasz <!--more-->kraj. Respondenci mieli mo\u017cliwo\u015b\u0107 wskazania trzech \u2013 ich zdaniem najwa\u017cniejszych spraw. Pytania mia\u0142y charakter \u201eotwarty\u201d \u2013 oparty na spontanicznych skojarzeniach i wypowiedziach; zakres odpowiedzi nie by\u0142 determinowany list\u0105. Poni\u017cszy raport odpowiada na te pytania.<\/p>\n","protected":false},"excerpt":{"rendered":"<p>Kilka miesi\u0119cy po wyborach parlamentarnych w pierwszej po\u0142owie lutego 2016 roku TNS Polska zapyta\u0142 Polak\u00f3w, jakie s\u0105 \u2013 w ich odczuciu \u2013 najwa\u017cniejsze problemy regionu, okolicy, w kt\u00f3rej mieszkaj\u0105 oraz jakie s\u0105 najwa\u017cniejsze problemy, z jakimi boryka si\u0119 nasz<\/p>\n","protected":false},"author":16,"featured_media":0,"comment_status":"closed","ping_status":"closed","sticky":false,"template":"","format":"standard","meta":{"ngg_post_thumbnail":0},"categories":[1],"tags":[28],"_links":{"self":[{"href":"https:\/\/public.kantarpolska.com\/archiwumraportow\/wp-json\/wp\/v2\/posts\/6455"}],"collection":[{"href":"https:\/\/public.kantarpolska.com\/archiwumraportow\/wp-json\/wp\/v2\/posts"}],"about":[{"href":"https:\/\/public.kantarpolska.com\/archiwumraportow\/wp-json\/wp\/v2\/types\/post"}],"author":[{"embeddable":true,"href":"https:\/\/public.kantarpolska.com\/archiwumraportow\/wp-json\/wp\/v2\/users\/16"}],"replies":[{"embeddable":true,"href":"https:\/\/public.kantarpolska.com\/archiwumraportow\/wp-json\/wp\/v2\/comments?post=6455"}],"version-history":[{"count":1,"href":"https:\/\/public.kantarpolska.com\/archiwumraportow\/wp-json\/wp\/v2\/posts\/6455\/revisions"}],"predecessor-version":[{"id":6457,"href":"https:\/\/public.kantarpolska.com\/archiwumraportow\/wp-json\/wp\/v2\/posts\/6455\/revisions\/6457"}],"wp:attachment":[{"href":"https:\/\/public.kantarpolska.com\/archiwumraportow\/wp-json\/wp\/v2\/media?parent=6455"}],"wp:term":[{"taxonomy":"category","embeddable":true,"href":"https:\/\/public.kantarpolska.com\/archiwumraportow\/wp-json\/wp\/v2\/categories?post=6455"},{"taxonomy":"post_tag","embeddable":true,"href":"https:\/\/public.kantarpolska.com\/archiwumraportow\/wp-json\/wp\/v2\/tags?post=6455"}],"curies":[{"name":"wp","href":"https:\/\/api.w.org\/{rel}","templated":true}]}}