
{"id":6434,"date":"2016-02-03T09:58:38","date_gmt":"2016-02-03T09:58:38","guid":{"rendered":"https:\/\/www.tnsglobal.pl\/archiwumraportow\/?p=6434"},"modified":"2016-02-03T09:58:38","modified_gmt":"2016-02-03T09:58:38","slug":"preferencje-partyjne-polakow-w-styczniu-2016-po-debacie-o-polsce-w-parlamencie-europejskim","status":"publish","type":"post","link":"https:\/\/public.kantarpolska.com\/archiwumraportow\/2016\/02\/03\/preferencje-partyjne-polakow-w-styczniu-2016-po-debacie-o-polsce-w-parlamencie-europejskim\/","title":{"rendered":"Preferencje partyjne Polak\u00f3w w styczniu 2016 \u2013 po debacie o Polsce w Parlamencie Europejskim"},"content":{"rendered":"<p>W drugiej po\u0142owie stycznia 2016 r. \u2013 ju\u017c po tym, gdy w Parlamencie Europejskim dosz\u0142o do debaty o sytuacji w Polsce, TNS Polska przeprowadzi\u0142 drugi w tym miesi\u0105cu pomiar preferencji partyjnych metod\u0105 face-to-face (poprzedni zosta\u0142 zrealizowany tu\u017c przed <!--more-->debat\u0105). Uzyskane wyniki zestawiono z wynikami bada\u0144 realizowanych w poprzednich miesi\u0105cach, a tak\u017ce z badaniem zrealizowany przed debat\u0105 w Parlamencie Europejskim: 15-20 stycznia b.r. (wi\u0119kszo\u015b\u0107 wywiad\u00f3w zrealizowano w\u00f3wczas przed 19 stycznia).<\/p>\n","protected":false},"excerpt":{"rendered":"<p>W drugiej po\u0142owie stycznia 2016 r. \u2013 ju\u017c po tym, gdy w Parlamencie Europejskim dosz\u0142o do debaty o sytuacji w Polsce, TNS Polska przeprowadzi\u0142 drugi w tym miesi\u0105cu pomiar preferencji partyjnych metod\u0105 face-to-face (poprzedni zosta\u0142 zrealizowany tu\u017c przed<\/p>\n","protected":false},"author":16,"featured_media":0,"comment_status":"closed","ping_status":"closed","sticky":false,"template":"","format":"standard","meta":{"ngg_post_thumbnail":0},"categories":[1],"tags":[27,12,17],"_links":{"self":[{"href":"https:\/\/public.kantarpolska.com\/archiwumraportow\/wp-json\/wp\/v2\/posts\/6434"}],"collection":[{"href":"https:\/\/public.kantarpolska.com\/archiwumraportow\/wp-json\/wp\/v2\/posts"}],"about":[{"href":"https:\/\/public.kantarpolska.com\/archiwumraportow\/wp-json\/wp\/v2\/types\/post"}],"author":[{"embeddable":true,"href":"https:\/\/public.kantarpolska.com\/archiwumraportow\/wp-json\/wp\/v2\/users\/16"}],"replies":[{"embeddable":true,"href":"https:\/\/public.kantarpolska.com\/archiwumraportow\/wp-json\/wp\/v2\/comments?post=6434"}],"version-history":[{"count":1,"href":"https:\/\/public.kantarpolska.com\/archiwumraportow\/wp-json\/wp\/v2\/posts\/6434\/revisions"}],"predecessor-version":[{"id":6437,"href":"https:\/\/public.kantarpolska.com\/archiwumraportow\/wp-json\/wp\/v2\/posts\/6434\/revisions\/6437"}],"wp:attachment":[{"href":"https:\/\/public.kantarpolska.com\/archiwumraportow\/wp-json\/wp\/v2\/media?parent=6434"}],"wp:term":[{"taxonomy":"category","embeddable":true,"href":"https:\/\/public.kantarpolska.com\/archiwumraportow\/wp-json\/wp\/v2\/categories?post=6434"},{"taxonomy":"post_tag","embeddable":true,"href":"https:\/\/public.kantarpolska.com\/archiwumraportow\/wp-json\/wp\/v2\/tags?post=6434"}],"curies":[{"name":"wp","href":"https:\/\/api.w.org\/{rel}","templated":true}]}}