
{"id":6428,"date":"2016-01-28T15:08:24","date_gmt":"2016-01-28T15:08:24","guid":{"rendered":"https:\/\/www.tnsglobal.pl\/archiwumraportow\/?p=6428"},"modified":"2016-01-28T15:08:24","modified_gmt":"2016-01-28T15:08:24","slug":"podsumowanie-roku-2015-i-przewidywania-na-rok-2016","status":"publish","type":"post","link":"https:\/\/public.kantarpolska.com\/archiwumraportow\/2016\/01\/28\/podsumowanie-roku-2015-i-przewidywania-na-rok-2016\/","title":{"rendered":"Podsumowanie roku 2015 i przewidywania na rok 2016"},"content":{"rendered":"<p>Na pocz\u0105tku stycznia 2016 roku TNS Polska zapyta\u0142 Polak\u00f3w o ocen\u0119 minionego 2015 roku oraz o oczekiwania wobec 2016 roku. Celem badania by\u0142o sprawdzenie opinii dotycz\u0105cych \u017cycia osobistego, sytuacji w kraju oraz na \u015bwiecie. W jakich sferach rok 2015 by\u0142 udany a w <!--more-->jakich nie? Raport odpowiada r\u00f3wnie\u017c na pytanie, jakie s\u0105 przewidywania Polak\u00f3w wzgl\u0119dem 2016 roku \u2013 w por\u00f3wnaniu z minionym 2015.<\/p>\n","protected":false},"excerpt":{"rendered":"<p>Na pocz\u0105tku stycznia 2016 roku TNS Polska zapyta\u0142 Polak\u00f3w o ocen\u0119 minionego 2015 roku oraz o oczekiwania wobec 2016 roku. Celem badania by\u0142o sprawdzenie opinii dotycz\u0105cych \u017cycia osobistego, sytuacji w kraju oraz na \u015bwiecie. W jakich sferach rok 2015 by\u0142 udany a w<\/p>\n","protected":false},"author":16,"featured_media":0,"comment_status":"closed","ping_status":"closed","sticky":false,"template":"","format":"standard","meta":{"ngg_post_thumbnail":0},"categories":[1],"tags":[46,45],"_links":{"self":[{"href":"https:\/\/public.kantarpolska.com\/archiwumraportow\/wp-json\/wp\/v2\/posts\/6428"}],"collection":[{"href":"https:\/\/public.kantarpolska.com\/archiwumraportow\/wp-json\/wp\/v2\/posts"}],"about":[{"href":"https:\/\/public.kantarpolska.com\/archiwumraportow\/wp-json\/wp\/v2\/types\/post"}],"author":[{"embeddable":true,"href":"https:\/\/public.kantarpolska.com\/archiwumraportow\/wp-json\/wp\/v2\/users\/16"}],"replies":[{"embeddable":true,"href":"https:\/\/public.kantarpolska.com\/archiwumraportow\/wp-json\/wp\/v2\/comments?post=6428"}],"version-history":[{"count":1,"href":"https:\/\/public.kantarpolska.com\/archiwumraportow\/wp-json\/wp\/v2\/posts\/6428\/revisions"}],"predecessor-version":[{"id":6430,"href":"https:\/\/public.kantarpolska.com\/archiwumraportow\/wp-json\/wp\/v2\/posts\/6428\/revisions\/6430"}],"wp:attachment":[{"href":"https:\/\/public.kantarpolska.com\/archiwumraportow\/wp-json\/wp\/v2\/media?parent=6428"}],"wp:term":[{"taxonomy":"category","embeddable":true,"href":"https:\/\/public.kantarpolska.com\/archiwumraportow\/wp-json\/wp\/v2\/categories?post=6428"},{"taxonomy":"post_tag","embeddable":true,"href":"https:\/\/public.kantarpolska.com\/archiwumraportow\/wp-json\/wp\/v2\/tags?post=6428"}],"curies":[{"name":"wp","href":"https:\/\/api.w.org\/{rel}","templated":true}]}}