
{"id":6423,"date":"2016-01-27T14:25:41","date_gmt":"2016-01-27T14:25:41","guid":{"rendered":"https:\/\/www.tnsglobal.pl\/archiwumraportow\/?p=6423"},"modified":"2016-01-27T14:44:53","modified_gmt":"2016-01-27T14:44:53","slug":"rozmowa-niekontrolowana-polacy-na-temat-ochrony-danych-osobowych","status":"publish","type":"post","link":"https:\/\/public.kantarpolska.com\/archiwumraportow\/2016\/01\/27\/rozmowa-niekontrolowana-polacy-na-temat-ochrony-danych-osobowych\/","title":{"rendered":"Rozmowa (nie)kontrolowana \u2013 Polacy na temat ochrony danych osobowych"},"content":{"rendered":"<p>28 stycznia to europejski Dzie\u0144 Ochrony Danych Osobowych. Czy zdaniem Polak\u00f3w dane osobowe s\u0105 w naszym kraju odpowiednio chronione? Czy w sytuacji zagro\u017cenia byliby\u015bmy sk\u0142onni zrezygnowa\u0107 z pewnych sfer prywatno\u015bci i zgodzi\u0107 si\u0119 na kontrol\u0119 np. rozm\u00f3w <!--more-->telefonicznych czy aktywno\u015bci w Internecie? Na pocz\u0105tku stycznia 2016 roku TNS Polska zapyta\u0142 Polak\u00f3w o kwestie zwi\u0105zane z ochron\u0105 danych osobowych. Poni\u017cszy raport odpowiada na te i inne pytania.<\/p>\n","protected":false},"excerpt":{"rendered":"<p>28 stycznia to europejski Dzie\u0144 Ochrony Danych Osobowych. Czy zdaniem Polak\u00f3w dane osobowe s\u0105 w naszym kraju odpowiednio chronione? Czy w sytuacji zagro\u017cenia byliby\u015bmy sk\u0142onni zrezygnowa\u0107 z pewnych sfer prywatno\u015bci i zgodzi\u0107 si\u0119 na kontrol\u0119 np. rozm\u00f3w<\/p>\n","protected":false},"author":16,"featured_media":0,"comment_status":"closed","ping_status":"closed","sticky":false,"template":"","format":"standard","meta":{"ngg_post_thumbnail":0},"categories":[1],"tags":[143],"_links":{"self":[{"href":"https:\/\/public.kantarpolska.com\/archiwumraportow\/wp-json\/wp\/v2\/posts\/6423"}],"collection":[{"href":"https:\/\/public.kantarpolska.com\/archiwumraportow\/wp-json\/wp\/v2\/posts"}],"about":[{"href":"https:\/\/public.kantarpolska.com\/archiwumraportow\/wp-json\/wp\/v2\/types\/post"}],"author":[{"embeddable":true,"href":"https:\/\/public.kantarpolska.com\/archiwumraportow\/wp-json\/wp\/v2\/users\/16"}],"replies":[{"embeddable":true,"href":"https:\/\/public.kantarpolska.com\/archiwumraportow\/wp-json\/wp\/v2\/comments?post=6423"}],"version-history":[{"count":1,"href":"https:\/\/public.kantarpolska.com\/archiwumraportow\/wp-json\/wp\/v2\/posts\/6423\/revisions"}],"predecessor-version":[{"id":6425,"href":"https:\/\/public.kantarpolska.com\/archiwumraportow\/wp-json\/wp\/v2\/posts\/6423\/revisions\/6425"}],"wp:attachment":[{"href":"https:\/\/public.kantarpolska.com\/archiwumraportow\/wp-json\/wp\/v2\/media?parent=6423"}],"wp:term":[{"taxonomy":"category","embeddable":true,"href":"https:\/\/public.kantarpolska.com\/archiwumraportow\/wp-json\/wp\/v2\/categories?post=6423"},{"taxonomy":"post_tag","embeddable":true,"href":"https:\/\/public.kantarpolska.com\/archiwumraportow\/wp-json\/wp\/v2\/tags?post=6423"}],"curies":[{"name":"wp","href":"https:\/\/api.w.org\/{rel}","templated":true}]}}