
{"id":6417,"date":"2016-01-22T13:15:50","date_gmt":"2016-01-22T13:15:50","guid":{"rendered":"https:\/\/www.tnsglobal.pl\/archiwumraportow\/?p=6417"},"modified":"2016-01-22T13:15:50","modified_gmt":"2016-01-22T13:15:50","slug":"preferencje-partyjne-polakow-styczen-2016","status":"publish","type":"post","link":"https:\/\/public.kantarpolska.com\/archiwumraportow\/2016\/01\/22\/preferencje-partyjne-polakow-styczen-2016\/","title":{"rendered":"Preferencje partyjne Polak\u00f3w. Stycze\u0144 2016"},"content":{"rendered":"<p>W po\u0142owie stycznia 2016 r. TNS Polska w swoim cyklicznym, comiesi\u0119cznym badaniu Omnibus zapyta\u0142 Polak\u00f3w o ewentualn\u0105 gotowo\u015b\u0107 uczestnictwa w wyborach do Sejmu, gdyby takie mia\u0142y odby\u0107 si\u0119 w najbli\u017csz\u0105 niedziel\u0119, a tak\u017ce o spos\u00f3b g\u0142osowania w takich<!--more--> wyborach. Niniejszy raport przedstawia najnowsze wyniki oraz ich por\u00f3wnanie z danymi z poprzednich miesi\u0119cy.<\/p>\n","protected":false},"excerpt":{"rendered":"<p>W po\u0142owie stycznia 2016 r. TNS Polska w swoim cyklicznym, comiesi\u0119cznym badaniu Omnibus zapyta\u0142 Polak\u00f3w o ewentualn\u0105 gotowo\u015b\u0107 uczestnictwa w wyborach do Sejmu, gdyby takie mia\u0142y odby\u0107 si\u0119 w najbli\u017csz\u0105 niedziel\u0119, a tak\u017ce o spos\u00f3b g\u0142osowania w takich<\/p>\n","protected":false},"author":16,"featured_media":0,"comment_status":"closed","ping_status":"closed","sticky":false,"template":"","format":"standard","meta":{"ngg_post_thumbnail":0},"categories":[1],"tags":[27,12,17],"_links":{"self":[{"href":"https:\/\/public.kantarpolska.com\/archiwumraportow\/wp-json\/wp\/v2\/posts\/6417"}],"collection":[{"href":"https:\/\/public.kantarpolska.com\/archiwumraportow\/wp-json\/wp\/v2\/posts"}],"about":[{"href":"https:\/\/public.kantarpolska.com\/archiwumraportow\/wp-json\/wp\/v2\/types\/post"}],"author":[{"embeddable":true,"href":"https:\/\/public.kantarpolska.com\/archiwumraportow\/wp-json\/wp\/v2\/users\/16"}],"replies":[{"embeddable":true,"href":"https:\/\/public.kantarpolska.com\/archiwumraportow\/wp-json\/wp\/v2\/comments?post=6417"}],"version-history":[{"count":1,"href":"https:\/\/public.kantarpolska.com\/archiwumraportow\/wp-json\/wp\/v2\/posts\/6417\/revisions"}],"predecessor-version":[{"id":6419,"href":"https:\/\/public.kantarpolska.com\/archiwumraportow\/wp-json\/wp\/v2\/posts\/6417\/revisions\/6419"}],"wp:attachment":[{"href":"https:\/\/public.kantarpolska.com\/archiwumraportow\/wp-json\/wp\/v2\/media?parent=6417"}],"wp:term":[{"taxonomy":"category","embeddable":true,"href":"https:\/\/public.kantarpolska.com\/archiwumraportow\/wp-json\/wp\/v2\/categories?post=6417"},{"taxonomy":"post_tag","embeddable":true,"href":"https:\/\/public.kantarpolska.com\/archiwumraportow\/wp-json\/wp\/v2\/tags?post=6417"}],"curies":[{"name":"wp","href":"https:\/\/api.w.org\/{rel}","templated":true}]}}