
{"id":6411,"date":"2015-12-22T16:07:51","date_gmt":"2015-12-22T16:07:51","guid":{"rendered":"https:\/\/www.tnsglobal.pl\/archiwumraportow\/?p=6411"},"modified":"2015-12-22T16:07:51","modified_gmt":"2015-12-22T16:07:51","slug":"ocena-dzialalnosci-rzadu-premiera-i-prezydenta-w-grudniu-2015-roku","status":"publish","type":"post","link":"https:\/\/public.kantarpolska.com\/archiwumraportow\/2015\/12\/22\/ocena-dzialalnosci-rzadu-premiera-i-prezydenta-w-grudniu-2015-roku\/","title":{"rendered":"Ocena dzia\u0142alno\u015bci rz\u0105du, premiera i prezydenta w grudniu 2015 roku"},"content":{"rendered":"<p>W pierwszej po\u0142owie grudnia 2015 roku, po pierwszym miesi\u0105cu urz\u0119dowania nowej premier oraz nowego rz\u0105du TNS Polska zapyta\u0142 Polak\u00f3w o to, jak oceniaj\u0105 prac\u0119 rz\u0105du, premier Beaty Szyd\u0142o oraz prezydenta Andrzeja Dudy. W raporcie zaprezentowane s\u0105 <!--more-->najnowsze wyniki oraz ich por\u00f3wnanie z danymi z poprzednich miesi\u0119cy.<\/p>\n","protected":false},"excerpt":{"rendered":"<p>W pierwszej po\u0142owie grudnia 2015 roku, po pierwszym miesi\u0105cu urz\u0119dowania nowej premier oraz nowego rz\u0105du TNS Polska zapyta\u0142 Polak\u00f3w o to, jak oceniaj\u0105 prac\u0119 rz\u0105du, premier Beaty Szyd\u0142o oraz prezydenta Andrzeja Dudy. W raporcie zaprezentowane s\u0105<\/p>\n","protected":false},"author":16,"featured_media":0,"comment_status":"closed","ping_status":"closed","sticky":false,"template":"","format":"standard","meta":{"ngg_post_thumbnail":0},"categories":[1],"tags":[11,12,10],"_links":{"self":[{"href":"https:\/\/public.kantarpolska.com\/archiwumraportow\/wp-json\/wp\/v2\/posts\/6411"}],"collection":[{"href":"https:\/\/public.kantarpolska.com\/archiwumraportow\/wp-json\/wp\/v2\/posts"}],"about":[{"href":"https:\/\/public.kantarpolska.com\/archiwumraportow\/wp-json\/wp\/v2\/types\/post"}],"author":[{"embeddable":true,"href":"https:\/\/public.kantarpolska.com\/archiwumraportow\/wp-json\/wp\/v2\/users\/16"}],"replies":[{"embeddable":true,"href":"https:\/\/public.kantarpolska.com\/archiwumraportow\/wp-json\/wp\/v2\/comments?post=6411"}],"version-history":[{"count":1,"href":"https:\/\/public.kantarpolska.com\/archiwumraportow\/wp-json\/wp\/v2\/posts\/6411\/revisions"}],"predecessor-version":[{"id":6413,"href":"https:\/\/public.kantarpolska.com\/archiwumraportow\/wp-json\/wp\/v2\/posts\/6411\/revisions\/6413"}],"wp:attachment":[{"href":"https:\/\/public.kantarpolska.com\/archiwumraportow\/wp-json\/wp\/v2\/media?parent=6411"}],"wp:term":[{"taxonomy":"category","embeddable":true,"href":"https:\/\/public.kantarpolska.com\/archiwumraportow\/wp-json\/wp\/v2\/categories?post=6411"},{"taxonomy":"post_tag","embeddable":true,"href":"https:\/\/public.kantarpolska.com\/archiwumraportow\/wp-json\/wp\/v2\/tags?post=6411"}],"curies":[{"name":"wp","href":"https:\/\/api.w.org\/{rel}","templated":true}]}}