
{"id":6397,"date":"2015-12-14T14:47:40","date_gmt":"2015-12-14T14:47:40","guid":{"rendered":"https:\/\/www.tnsglobal.pl\/archiwumraportow\/?p=6397"},"modified":"2015-12-14T14:47:40","modified_gmt":"2015-12-14T14:47:40","slug":"placa-minimalna","status":"publish","type":"post","link":"https:\/\/public.kantarpolska.com\/archiwumraportow\/2015\/12\/14\/placa-minimalna\/","title":{"rendered":"P\u0142aca minimalna"},"content":{"rendered":"<p>W listopadzie 2015 roku TNS Polska zapyta\u0142 Polak\u00f3w o ich wyobra\u017cenia na temat p\u0142acy minimalnej. Czy Polacy wiedz\u0105, ile wynosi p\u0142aca minimalna oraz ile ich zdaniem powinna wynosi\u0107 p\u0142aca minimalna i minimalna stawka brutto za godzin\u0119 pracy? Poni\u017cszy raport <!--more-->przedstawia uzyskane odpowiedzi.<\/p>\n","protected":false},"excerpt":{"rendered":"<p>W listopadzie 2015 roku TNS Polska zapyta\u0142 Polak\u00f3w o ich wyobra\u017cenia na temat p\u0142acy minimalnej. Czy Polacy wiedz\u0105, ile wynosi p\u0142aca minimalna oraz ile ich zdaniem powinna wynosi\u0107 p\u0142aca minimalna i minimalna stawka brutto za godzin\u0119 pracy? Poni\u017cszy raport<\/p>\n","protected":false},"author":16,"featured_media":0,"comment_status":"closed","ping_status":"closed","sticky":false,"template":"","format":"standard","meta":{"ngg_post_thumbnail":0},"categories":[1],"tags":[105],"_links":{"self":[{"href":"https:\/\/public.kantarpolska.com\/archiwumraportow\/wp-json\/wp\/v2\/posts\/6397"}],"collection":[{"href":"https:\/\/public.kantarpolska.com\/archiwumraportow\/wp-json\/wp\/v2\/posts"}],"about":[{"href":"https:\/\/public.kantarpolska.com\/archiwumraportow\/wp-json\/wp\/v2\/types\/post"}],"author":[{"embeddable":true,"href":"https:\/\/public.kantarpolska.com\/archiwumraportow\/wp-json\/wp\/v2\/users\/16"}],"replies":[{"embeddable":true,"href":"https:\/\/public.kantarpolska.com\/archiwumraportow\/wp-json\/wp\/v2\/comments?post=6397"}],"version-history":[{"count":1,"href":"https:\/\/public.kantarpolska.com\/archiwumraportow\/wp-json\/wp\/v2\/posts\/6397\/revisions"}],"predecessor-version":[{"id":6399,"href":"https:\/\/public.kantarpolska.com\/archiwumraportow\/wp-json\/wp\/v2\/posts\/6397\/revisions\/6399"}],"wp:attachment":[{"href":"https:\/\/public.kantarpolska.com\/archiwumraportow\/wp-json\/wp\/v2\/media?parent=6397"}],"wp:term":[{"taxonomy":"category","embeddable":true,"href":"https:\/\/public.kantarpolska.com\/archiwumraportow\/wp-json\/wp\/v2\/categories?post=6397"},{"taxonomy":"post_tag","embeddable":true,"href":"https:\/\/public.kantarpolska.com\/archiwumraportow\/wp-json\/wp\/v2\/tags?post=6397"}],"curies":[{"name":"wp","href":"https:\/\/api.w.org\/{rel}","templated":true}]}}