
{"id":6358,"date":"2015-11-02T11:37:49","date_gmt":"2015-11-02T11:37:49","guid":{"rendered":"https:\/\/www.tnsglobal.pl\/archiwumraportow\/?p=6358"},"modified":"2015-11-02T11:37:49","modified_gmt":"2015-11-02T11:37:49","slug":"polacy-o-uchodzcach-3","status":"publish","type":"post","link":"https:\/\/public.kantarpolska.com\/archiwumraportow\/2015\/11\/02\/polacy-o-uchodzcach-3\/","title":{"rendered":"Polacy o uchod\u017acach"},"content":{"rendered":"<p>W zwi\u0105zku z trwaj\u0105cym kryzysem w Europie zwi\u0105zanym z nadmiernym nap\u0142ywem uchod\u017ac\u00f3w, TNS Polska postanowi\u0142 zbada\u0107, jakie s\u0105 spo\u0142eczne postawy wobec uchod\u017ac\u00f3w. Raport prezentuje wyniki pa\u017adziernikowego pomiaru w por\u00f3wnaniu z rezultatami <!--more-->uzyskanymi w 2006 i poprzednich latach.<\/p>\n","protected":false},"excerpt":{"rendered":"<p>W zwi\u0105zku z trwaj\u0105cym kryzysem w Europie zwi\u0105zanym z nadmiernym nap\u0142ywem uchod\u017ac\u00f3w, TNS Polska postanowi\u0142 zbada\u0107, jakie s\u0105 spo\u0142eczne postawy wobec uchod\u017ac\u00f3w. Raport prezentuje wyniki pa\u017adziernikowego pomiaru w por\u00f3wnaniu z rezultatami<\/p>\n","protected":false},"author":16,"featured_media":0,"comment_status":"closed","ping_status":"closed","sticky":false,"template":"","format":"standard","meta":{"ngg_post_thumbnail":0},"categories":[1],"tags":[28,141],"_links":{"self":[{"href":"https:\/\/public.kantarpolska.com\/archiwumraportow\/wp-json\/wp\/v2\/posts\/6358"}],"collection":[{"href":"https:\/\/public.kantarpolska.com\/archiwumraportow\/wp-json\/wp\/v2\/posts"}],"about":[{"href":"https:\/\/public.kantarpolska.com\/archiwumraportow\/wp-json\/wp\/v2\/types\/post"}],"author":[{"embeddable":true,"href":"https:\/\/public.kantarpolska.com\/archiwumraportow\/wp-json\/wp\/v2\/users\/16"}],"replies":[{"embeddable":true,"href":"https:\/\/public.kantarpolska.com\/archiwumraportow\/wp-json\/wp\/v2\/comments?post=6358"}],"version-history":[{"count":1,"href":"https:\/\/public.kantarpolska.com\/archiwumraportow\/wp-json\/wp\/v2\/posts\/6358\/revisions"}],"predecessor-version":[{"id":6360,"href":"https:\/\/public.kantarpolska.com\/archiwumraportow\/wp-json\/wp\/v2\/posts\/6358\/revisions\/6360"}],"wp:attachment":[{"href":"https:\/\/public.kantarpolska.com\/archiwumraportow\/wp-json\/wp\/v2\/media?parent=6358"}],"wp:term":[{"taxonomy":"category","embeddable":true,"href":"https:\/\/public.kantarpolska.com\/archiwumraportow\/wp-json\/wp\/v2\/categories?post=6358"},{"taxonomy":"post_tag","embeddable":true,"href":"https:\/\/public.kantarpolska.com\/archiwumraportow\/wp-json\/wp\/v2\/tags?post=6358"}],"curies":[{"name":"wp","href":"https:\/\/api.w.org\/{rel}","templated":true}]}}