
{"id":6323,"date":"2015-09-18T08:14:54","date_gmt":"2015-09-18T08:14:54","guid":{"rendered":"https:\/\/www.tnsglobal.pl\/archiwumraportow\/?p=6323"},"modified":"2015-09-18T08:16:27","modified_gmt":"2015-09-18T08:16:27","slug":"kwestie-poruszane-w-trakcie-referendum-wazne-czy-niewazne","status":"publish","type":"post","link":"https:\/\/public.kantarpolska.com\/archiwumraportow\/2015\/09\/18\/kwestie-poruszane-w-trakcie-referendum-wazne-czy-niewazne\/","title":{"rendered":"Kwestie poruszane w trakcie referendum \u2013 wa\u017cne czy niewa\u017cne?"},"content":{"rendered":"<p>6 wrze\u015bnia 2015 roku odby\u0142o si\u0119 referendum, podczas kt\u00f3rego zosta\u0142y zadane pytania Polakom o jednomandatowe okr\u0119gi wyborcze, finansowanie partii politycznych oraz spos\u00f3b rozstrzygania w\u0105tpliwo\u015bci w wyk\u0142adni prawa podatkowego. Jednak\u017ce swoj\u0105 opini\u0119 <!--more-->podczas referendum wyrazi\u0142o jedynie 7,8% Polak\u00f3w. Zaistnia\u0142y stan rzeczy sprawia, \u017ce nasuwa si\u0119 pytanie, czy kwestie, kt\u00f3re poddano obywatelom do rozstrzygni\u0119cia s\u0105 rzeczywi\u015bcie uwa\u017cane przez nich za wa\u017cne. Na pocz\u0105tku wrze\u015bnia TNS Polska zapyta\u0142 Polak\u00f3w, co s\u0105dz\u0105 o sprawach poruszanych w trakcie referendum.<\/p>\n","protected":false},"excerpt":{"rendered":"<p>6 wrze\u015bnia 2015 roku odby\u0142o si\u0119 referendum, podczas kt\u00f3rego zosta\u0142y zadane pytania Polakom o jednomandatowe okr\u0119gi wyborcze, finansowanie partii politycznych oraz spos\u00f3b rozstrzygania w\u0105tpliwo\u015bci w wyk\u0142adni prawa podatkowego. Jednak\u017ce swoj\u0105 opini\u0119<\/p>\n","protected":false},"author":16,"featured_media":0,"comment_status":"closed","ping_status":"closed","sticky":false,"template":"","format":"standard","meta":{"ngg_post_thumbnail":0},"categories":[1],"tags":[26,85,61,52],"_links":{"self":[{"href":"https:\/\/public.kantarpolska.com\/archiwumraportow\/wp-json\/wp\/v2\/posts\/6323"}],"collection":[{"href":"https:\/\/public.kantarpolska.com\/archiwumraportow\/wp-json\/wp\/v2\/posts"}],"about":[{"href":"https:\/\/public.kantarpolska.com\/archiwumraportow\/wp-json\/wp\/v2\/types\/post"}],"author":[{"embeddable":true,"href":"https:\/\/public.kantarpolska.com\/archiwumraportow\/wp-json\/wp\/v2\/users\/16"}],"replies":[{"embeddable":true,"href":"https:\/\/public.kantarpolska.com\/archiwumraportow\/wp-json\/wp\/v2\/comments?post=6323"}],"version-history":[{"count":1,"href":"https:\/\/public.kantarpolska.com\/archiwumraportow\/wp-json\/wp\/v2\/posts\/6323\/revisions"}],"predecessor-version":[{"id":6325,"href":"https:\/\/public.kantarpolska.com\/archiwumraportow\/wp-json\/wp\/v2\/posts\/6323\/revisions\/6325"}],"wp:attachment":[{"href":"https:\/\/public.kantarpolska.com\/archiwumraportow\/wp-json\/wp\/v2\/media?parent=6323"}],"wp:term":[{"taxonomy":"category","embeddable":true,"href":"https:\/\/public.kantarpolska.com\/archiwumraportow\/wp-json\/wp\/v2\/categories?post=6323"},{"taxonomy":"post_tag","embeddable":true,"href":"https:\/\/public.kantarpolska.com\/archiwumraportow\/wp-json\/wp\/v2\/tags?post=6323"}],"curies":[{"name":"wp","href":"https:\/\/api.w.org\/{rel}","templated":true}]}}