
{"id":6317,"date":"2015-08-18T14:51:25","date_gmt":"2015-08-18T14:51:25","guid":{"rendered":"https:\/\/www.tnsglobal.pl\/archiwumraportow\/?p=6317"},"modified":"2015-09-11T14:57:53","modified_gmt":"2015-09-11T14:57:53","slug":"preferencje-partyjne-polakow-sierpien-2015","status":"publish","type":"post","link":"https:\/\/public.kantarpolska.com\/archiwumraportow\/2015\/08\/18\/preferencje-partyjne-polakow-sierpien-2015\/","title":{"rendered":"Preferencje partyjne Polak\u00f3w. Sierpie\u0144 2015"},"content":{"rendered":"<p>W po\u0142owie sierpnia TNS Polska w swoim cyklicznym, comiesi\u0119cznym badaniu Omnibus zapyta\u0142 Polak\u00f3w o gotowo\u015b\u0107 uczestnictwa w wyborach parlamentarnych oraz o preferencje partyjne. Niniejszy raport przedstawia najnowsze wyniki oraz ich por\u00f3wnanie z danymi z <!--more-->poprzednich miesi\u0119cy.<\/p>\n","protected":false},"excerpt":{"rendered":"<p>W po\u0142owie sierpnia TNS Polska w swoim cyklicznym, comiesi\u0119cznym badaniu Omnibus zapyta\u0142 Polak\u00f3w o gotowo\u015b\u0107 uczestnictwa w wyborach parlamentarnych oraz o preferencje partyjne. Niniejszy raport przedstawia najnowsze wyniki oraz ich por\u00f3wnanie z danymi z<\/p>\n","protected":false},"author":16,"featured_media":0,"comment_status":"closed","ping_status":"closed","sticky":false,"template":"","format":"standard","meta":{"ngg_post_thumbnail":0},"categories":[1],"tags":[27,12,17],"_links":{"self":[{"href":"https:\/\/public.kantarpolska.com\/archiwumraportow\/wp-json\/wp\/v2\/posts\/6317"}],"collection":[{"href":"https:\/\/public.kantarpolska.com\/archiwumraportow\/wp-json\/wp\/v2\/posts"}],"about":[{"href":"https:\/\/public.kantarpolska.com\/archiwumraportow\/wp-json\/wp\/v2\/types\/post"}],"author":[{"embeddable":true,"href":"https:\/\/public.kantarpolska.com\/archiwumraportow\/wp-json\/wp\/v2\/users\/16"}],"replies":[{"embeddable":true,"href":"https:\/\/public.kantarpolska.com\/archiwumraportow\/wp-json\/wp\/v2\/comments?post=6317"}],"version-history":[{"count":1,"href":"https:\/\/public.kantarpolska.com\/archiwumraportow\/wp-json\/wp\/v2\/posts\/6317\/revisions"}],"predecessor-version":[{"id":6319,"href":"https:\/\/public.kantarpolska.com\/archiwumraportow\/wp-json\/wp\/v2\/posts\/6317\/revisions\/6319"}],"wp:attachment":[{"href":"https:\/\/public.kantarpolska.com\/archiwumraportow\/wp-json\/wp\/v2\/media?parent=6317"}],"wp:term":[{"taxonomy":"category","embeddable":true,"href":"https:\/\/public.kantarpolska.com\/archiwumraportow\/wp-json\/wp\/v2\/categories?post=6317"},{"taxonomy":"post_tag","embeddable":true,"href":"https:\/\/public.kantarpolska.com\/archiwumraportow\/wp-json\/wp\/v2\/tags?post=6317"}],"curies":[{"name":"wp","href":"https:\/\/api.w.org\/{rel}","templated":true}]}}