
{"id":6303,"date":"2015-08-26T08:17:19","date_gmt":"2015-08-26T08:17:19","guid":{"rendered":"https:\/\/www.tnsglobal.pl\/archiwumraportow\/?p=6303"},"modified":"2015-08-26T08:18:26","modified_gmt":"2015-08-26T08:18:26","slug":"ocena-dzialalnosci-rzadu-premiera-i-prezydenta-w-sierpniu-2015-roku","status":"publish","type":"post","link":"https:\/\/public.kantarpolska.com\/archiwumraportow\/2015\/08\/26\/ocena-dzialalnosci-rzadu-premiera-i-prezydenta-w-sierpniu-2015-roku\/","title":{"rendered":"Ocena dzia\u0142alno\u015bci rz\u0105du, premiera i prezydenta w sierpniu 2015 roku"},"content":{"rendered":"<p>W sierpniu 2015 roku, \u015bwie\u017co po zaprzysi\u0119\u017ceniu nowego prezydenta RP, TNS Polska zapyta\u0142 Polak\u00f3w o to, jak oceniaj\u0105 prac\u0119 rz\u0105du, premier Ewy Kopacz oraz czy Andrzej Duda b\u0119dzie dobrze wype\u0142nia\u0107 obowi\u0105zki prezydenta oraz czy wywi\u0105\u017ce si\u0119 ze swoich obietnic <!--more-->przedwyborczych. W raporcie zaprezentowane s\u0105 najnowsze wyniki oraz ich por\u00f3wnanie z danymi z poprzednich miesi\u0119cy.<\/p>\n","protected":false},"excerpt":{"rendered":"<p>W sierpniu 2015 roku, \u015bwie\u017co po zaprzysi\u0119\u017ceniu nowego prezydenta RP, TNS Polska zapyta\u0142 Polak\u00f3w o to, jak oceniaj\u0105 prac\u0119 rz\u0105du, premier Ewy Kopacz oraz czy Andrzej Duda b\u0119dzie dobrze wype\u0142nia\u0107 obowi\u0105zki prezydenta oraz czy wywi\u0105\u017ce si\u0119 ze swoich obietnic<\/p>\n","protected":false},"author":16,"featured_media":0,"comment_status":"closed","ping_status":"closed","sticky":false,"template":"","format":"standard","meta":{"ngg_post_thumbnail":0},"categories":[1],"tags":[11,12,10],"_links":{"self":[{"href":"https:\/\/public.kantarpolska.com\/archiwumraportow\/wp-json\/wp\/v2\/posts\/6303"}],"collection":[{"href":"https:\/\/public.kantarpolska.com\/archiwumraportow\/wp-json\/wp\/v2\/posts"}],"about":[{"href":"https:\/\/public.kantarpolska.com\/archiwumraportow\/wp-json\/wp\/v2\/types\/post"}],"author":[{"embeddable":true,"href":"https:\/\/public.kantarpolska.com\/archiwumraportow\/wp-json\/wp\/v2\/users\/16"}],"replies":[{"embeddable":true,"href":"https:\/\/public.kantarpolska.com\/archiwumraportow\/wp-json\/wp\/v2\/comments?post=6303"}],"version-history":[{"count":1,"href":"https:\/\/public.kantarpolska.com\/archiwumraportow\/wp-json\/wp\/v2\/posts\/6303\/revisions"}],"predecessor-version":[{"id":6305,"href":"https:\/\/public.kantarpolska.com\/archiwumraportow\/wp-json\/wp\/v2\/posts\/6303\/revisions\/6305"}],"wp:attachment":[{"href":"https:\/\/public.kantarpolska.com\/archiwumraportow\/wp-json\/wp\/v2\/media?parent=6303"}],"wp:term":[{"taxonomy":"category","embeddable":true,"href":"https:\/\/public.kantarpolska.com\/archiwumraportow\/wp-json\/wp\/v2\/categories?post=6303"},{"taxonomy":"post_tag","embeddable":true,"href":"https:\/\/public.kantarpolska.com\/archiwumraportow\/wp-json\/wp\/v2\/tags?post=6303"}],"curies":[{"name":"wp","href":"https:\/\/api.w.org\/{rel}","templated":true}]}}