
{"id":6290,"date":"2015-08-10T12:14:24","date_gmt":"2015-08-10T12:14:24","guid":{"rendered":"https:\/\/www.tnsglobal.pl\/archiwumraportow\/?p=6290"},"modified":"2015-08-11T11:01:42","modified_gmt":"2015-08-11T11:01:42","slug":"dress-code-w-pracy","status":"publish","type":"post","link":"https:\/\/public.kantarpolska.com\/archiwumraportow\/2015\/08\/10\/dress-code-w-pracy\/","title":{"rendered":"Dress code w pracy"},"content":{"rendered":"<p>Latem, zw\u0142aszcza gdy pojawiaj\u0105 si\u0119 fale upa\u0142\u00f3w, na ulicach cz\u0119\u015bciej ni\u017c zwykle spotyka si\u0119 kobiety w letnich sukienkach, pan\u00f3w w kr\u00f3tkich spodenkach, sanda\u0142ach. Jakie stroje zdaniem Polak\u00f3w s\u0105 najbardziej nieodpowiednie, gdy pracujemy \u201eza biurkiem\u201d? Czy <!--more-->zdaniem Polak\u00f3w w pracy w biurze powinien obowi\u0105zywa\u0107 dress code? Na te pytania odpowiada poni\u017cszy raport.<\/p>\n","protected":false},"excerpt":{"rendered":"<p>Latem, zw\u0142aszcza gdy pojawiaj\u0105 si\u0119 fale upa\u0142\u00f3w, na ulicach cz\u0119\u015bciej ni\u017c zwykle spotyka si\u0119 kobiety w letnich sukienkach, pan\u00f3w w kr\u00f3tkich spodenkach, sanda\u0142ach. Jakie stroje zdaniem Polak\u00f3w s\u0105 najbardziej nieodpowiednie, gdy pracujemy \u201eza biurkiem\u201d? Czy<\/p>\n","protected":false},"author":10,"featured_media":0,"comment_status":"closed","ping_status":"closed","sticky":false,"template":"","format":"standard","meta":{"ngg_post_thumbnail":0},"categories":[1],"tags":[37,38,109],"_links":{"self":[{"href":"https:\/\/public.kantarpolska.com\/archiwumraportow\/wp-json\/wp\/v2\/posts\/6290"}],"collection":[{"href":"https:\/\/public.kantarpolska.com\/archiwumraportow\/wp-json\/wp\/v2\/posts"}],"about":[{"href":"https:\/\/public.kantarpolska.com\/archiwumraportow\/wp-json\/wp\/v2\/types\/post"}],"author":[{"embeddable":true,"href":"https:\/\/public.kantarpolska.com\/archiwumraportow\/wp-json\/wp\/v2\/users\/10"}],"replies":[{"embeddable":true,"href":"https:\/\/public.kantarpolska.com\/archiwumraportow\/wp-json\/wp\/v2\/comments?post=6290"}],"version-history":[{"count":1,"href":"https:\/\/public.kantarpolska.com\/archiwumraportow\/wp-json\/wp\/v2\/posts\/6290\/revisions"}],"predecessor-version":[{"id":6292,"href":"https:\/\/public.kantarpolska.com\/archiwumraportow\/wp-json\/wp\/v2\/posts\/6290\/revisions\/6292"}],"wp:attachment":[{"href":"https:\/\/public.kantarpolska.com\/archiwumraportow\/wp-json\/wp\/v2\/media?parent=6290"}],"wp:term":[{"taxonomy":"category","embeddable":true,"href":"https:\/\/public.kantarpolska.com\/archiwumraportow\/wp-json\/wp\/v2\/categories?post=6290"},{"taxonomy":"post_tag","embeddable":true,"href":"https:\/\/public.kantarpolska.com\/archiwumraportow\/wp-json\/wp\/v2\/tags?post=6290"}],"curies":[{"name":"wp","href":"https:\/\/api.w.org\/{rel}","templated":true}]}}