
{"id":6283,"date":"2015-08-03T13:27:32","date_gmt":"2015-08-03T13:27:32","guid":{"rendered":"https:\/\/www.tnsglobal.pl\/archiwumraportow\/?p=6283"},"modified":"2015-08-03T13:27:32","modified_gmt":"2015-08-03T13:27:32","slug":"podsumowanie-piecioletniej-kadencji-prezydenta-bronislawa-komorowskiego","status":"publish","type":"post","link":"https:\/\/public.kantarpolska.com\/archiwumraportow\/2015\/08\/03\/podsumowanie-piecioletniej-kadencji-prezydenta-bronislawa-komorowskiego\/","title":{"rendered":"Podsumowanie pi\u0119cioletniej kadencji Prezydenta Bronis\u0142awa Komorowskiego"},"content":{"rendered":"<p>Mija pi\u0119\u0107 lat urz\u0119dowania Bronis\u0142awa Komorowskiego na stanowisku Prezydenta RP. W maju tego roku w wyborach powszechnych Polacy zdecydowali, \u017ce kolejnej kadencji nie b\u0119dzie, a urz\u0105d Prezydenta obejmie Andrzej Duda. W niniejszym opracowaniu <!--more-->przedstawiamy wyniki sonda\u017cu, w kt\u00f3rym zapytali\u015bmy Polak\u00f3w o podsumowanie pi\u0119cioletniego okresu prezydentury Bronis\u0142awa Komorowskiego, a przy okazji tak\u017ce o to, kt\u00f3ry z dotychczasowych prezydent\u00f3w III RP, by\u0142 najlepszym Prezydentem Polski.<\/p>\n","protected":false},"excerpt":{"rendered":"<p>Mija pi\u0119\u0107 lat urz\u0119dowania Bronis\u0142awa Komorowskiego na stanowisku Prezydenta RP. W maju tego roku w wyborach powszechnych Polacy zdecydowali, \u017ce kolejnej kadencji nie b\u0119dzie, a urz\u0105d Prezydenta obejmie Andrzej Duda. W niniejszym opracowaniu<\/p>\n","protected":false},"author":16,"featured_media":0,"comment_status":"closed","ping_status":"closed","sticky":false,"template":"","format":"standard","meta":{"ngg_post_thumbnail":0},"categories":[1],"tags":[12],"_links":{"self":[{"href":"https:\/\/public.kantarpolska.com\/archiwumraportow\/wp-json\/wp\/v2\/posts\/6283"}],"collection":[{"href":"https:\/\/public.kantarpolska.com\/archiwumraportow\/wp-json\/wp\/v2\/posts"}],"about":[{"href":"https:\/\/public.kantarpolska.com\/archiwumraportow\/wp-json\/wp\/v2\/types\/post"}],"author":[{"embeddable":true,"href":"https:\/\/public.kantarpolska.com\/archiwumraportow\/wp-json\/wp\/v2\/users\/16"}],"replies":[{"embeddable":true,"href":"https:\/\/public.kantarpolska.com\/archiwumraportow\/wp-json\/wp\/v2\/comments?post=6283"}],"version-history":[{"count":1,"href":"https:\/\/public.kantarpolska.com\/archiwumraportow\/wp-json\/wp\/v2\/posts\/6283\/revisions"}],"predecessor-version":[{"id":6285,"href":"https:\/\/public.kantarpolska.com\/archiwumraportow\/wp-json\/wp\/v2\/posts\/6283\/revisions\/6285"}],"wp:attachment":[{"href":"https:\/\/public.kantarpolska.com\/archiwumraportow\/wp-json\/wp\/v2\/media?parent=6283"}],"wp:term":[{"taxonomy":"category","embeddable":true,"href":"https:\/\/public.kantarpolska.com\/archiwumraportow\/wp-json\/wp\/v2\/categories?post=6283"},{"taxonomy":"post_tag","embeddable":true,"href":"https:\/\/public.kantarpolska.com\/archiwumraportow\/wp-json\/wp\/v2\/tags?post=6283"}],"curies":[{"name":"wp","href":"https:\/\/api.w.org\/{rel}","templated":true}]}}