
{"id":6271,"date":"2015-07-28T08:07:01","date_gmt":"2015-07-28T08:07:01","guid":{"rendered":"https:\/\/www.tnsglobal.pl\/archiwumraportow\/?p=6271"},"modified":"2015-07-29T13:19:56","modified_gmt":"2015-07-29T13:19:56","slug":"nastroje-spoleczne-polakow-lipiec-2015","status":"publish","type":"post","link":"https:\/\/public.kantarpolska.com\/archiwumraportow\/2015\/07\/28\/nastroje-spoleczne-polakow-lipiec-2015\/","title":{"rendered":"Nastroje spo\u0142eczne Polak\u00f3w. Lipiec 2015"},"content":{"rendered":"<p>W lipcu 2015 roku TNS Polska przeprowadzi\u0142 badanie nastroj\u00f3w spo\u0142ecznych. Respondenci zostali zapytani o opinie na temat kierunku biegu spraw w naszym kraju, ocen\u0119 stanu polskiej gospodarki i prognoz\u0119 zmian sytuacji materialnej ludno\u015bci w ci\u0105gu <!--more-->najbli\u017cszych trzech lat, a tak\u017ce ocen\u0119 mo\u017cliwo\u015bci znalezienia pracy w Polsce. Komunikat prezentuje wyniki uzyskane w lipcu i zestawia je z notowaniami z ostatnich miesi\u0119cy.<\/p>\n","protected":false},"excerpt":{"rendered":"<p>W lipcu 2015 roku TNS Polska przeprowadzi\u0142 badanie nastroj\u00f3w spo\u0142ecznych. Respondenci zostali zapytani o opinie na temat kierunku biegu spraw w naszym kraju, ocen\u0119 stanu polskiej gospodarki i prognoz\u0119 zmian sytuacji materialnej ludno\u015bci w ci\u0105gu<\/p>\n","protected":false},"author":16,"featured_media":0,"comment_status":"closed","ping_status":"closed","sticky":false,"template":"","format":"standard","meta":{"ngg_post_thumbnail":0},"categories":[1],"tags":[28,25,30,29],"_links":{"self":[{"href":"https:\/\/public.kantarpolska.com\/archiwumraportow\/wp-json\/wp\/v2\/posts\/6271"}],"collection":[{"href":"https:\/\/public.kantarpolska.com\/archiwumraportow\/wp-json\/wp\/v2\/posts"}],"about":[{"href":"https:\/\/public.kantarpolska.com\/archiwumraportow\/wp-json\/wp\/v2\/types\/post"}],"author":[{"embeddable":true,"href":"https:\/\/public.kantarpolska.com\/archiwumraportow\/wp-json\/wp\/v2\/users\/16"}],"replies":[{"embeddable":true,"href":"https:\/\/public.kantarpolska.com\/archiwumraportow\/wp-json\/wp\/v2\/comments?post=6271"}],"version-history":[{"count":1,"href":"https:\/\/public.kantarpolska.com\/archiwumraportow\/wp-json\/wp\/v2\/posts\/6271\/revisions"}],"predecessor-version":[{"id":6273,"href":"https:\/\/public.kantarpolska.com\/archiwumraportow\/wp-json\/wp\/v2\/posts\/6271\/revisions\/6273"}],"wp:attachment":[{"href":"https:\/\/public.kantarpolska.com\/archiwumraportow\/wp-json\/wp\/v2\/media?parent=6271"}],"wp:term":[{"taxonomy":"category","embeddable":true,"href":"https:\/\/public.kantarpolska.com\/archiwumraportow\/wp-json\/wp\/v2\/categories?post=6271"},{"taxonomy":"post_tag","embeddable":true,"href":"https:\/\/public.kantarpolska.com\/archiwumraportow\/wp-json\/wp\/v2\/tags?post=6271"}],"curies":[{"name":"wp","href":"https:\/\/api.w.org\/{rel}","templated":true}]}}