
{"id":6267,"date":"2015-07-21T09:59:28","date_gmt":"2015-07-21T09:59:28","guid":{"rendered":"https:\/\/www.tnsglobal.pl\/archiwumraportow\/?p=6267"},"modified":"2015-07-21T09:59:28","modified_gmt":"2015-07-21T09:59:28","slug":"ocena-dzialalnosci-rzadu-premiera-i-prezydenta-w-lipcu-2015-roku","status":"publish","type":"post","link":"https:\/\/public.kantarpolska.com\/archiwumraportow\/2015\/07\/21\/ocena-dzialalnosci-rzadu-premiera-i-prezydenta-w-lipcu-2015-roku\/","title":{"rendered":"Ocena dzia\u0142alno\u015bci rz\u0105du, premiera i prezydenta w lipcu 2015 roku"},"content":{"rendered":"<p>W lipcu 2015 roku TNS Polska zapyta\u0142 Polak\u00f3w o to, jak oceniaj\u0105 prac\u0119 rz\u0105du, premier Ewy Kopacz oraz prezydenta Bronis\u0142awa Komorowskiego. W raporcie zaprezentowane s\u0105 najnowsze wyniki oraz ich por\u00f3wnanie z danymi z poprzednich miesi\u0119cy.<!--more--><\/p>\n","protected":false},"excerpt":{"rendered":"<p>W lipcu 2015 roku TNS Polska zapyta\u0142 Polak\u00f3w o to, jak oceniaj\u0105 prac\u0119 rz\u0105du, premier Ewy Kopacz oraz prezydenta Bronis\u0142awa Komorowskiego. W raporcie zaprezentowane s\u0105 najnowsze wyniki oraz ich por\u00f3wnanie z danymi z poprzednich miesi\u0119cy.<\/p>\n","protected":false},"author":16,"featured_media":0,"comment_status":"closed","ping_status":"closed","sticky":false,"template":"","format":"standard","meta":{"ngg_post_thumbnail":0},"categories":[1],"tags":[11,12,10],"_links":{"self":[{"href":"https:\/\/public.kantarpolska.com\/archiwumraportow\/wp-json\/wp\/v2\/posts\/6267"}],"collection":[{"href":"https:\/\/public.kantarpolska.com\/archiwumraportow\/wp-json\/wp\/v2\/posts"}],"about":[{"href":"https:\/\/public.kantarpolska.com\/archiwumraportow\/wp-json\/wp\/v2\/types\/post"}],"author":[{"embeddable":true,"href":"https:\/\/public.kantarpolska.com\/archiwumraportow\/wp-json\/wp\/v2\/users\/16"}],"replies":[{"embeddable":true,"href":"https:\/\/public.kantarpolska.com\/archiwumraportow\/wp-json\/wp\/v2\/comments?post=6267"}],"version-history":[{"count":2,"href":"https:\/\/public.kantarpolska.com\/archiwumraportow\/wp-json\/wp\/v2\/posts\/6267\/revisions"}],"predecessor-version":[{"id":6270,"href":"https:\/\/public.kantarpolska.com\/archiwumraportow\/wp-json\/wp\/v2\/posts\/6267\/revisions\/6270"}],"wp:attachment":[{"href":"https:\/\/public.kantarpolska.com\/archiwumraportow\/wp-json\/wp\/v2\/media?parent=6267"}],"wp:term":[{"taxonomy":"category","embeddable":true,"href":"https:\/\/public.kantarpolska.com\/archiwumraportow\/wp-json\/wp\/v2\/categories?post=6267"},{"taxonomy":"post_tag","embeddable":true,"href":"https:\/\/public.kantarpolska.com\/archiwumraportow\/wp-json\/wp\/v2\/tags?post=6267"}],"curies":[{"name":"wp","href":"https:\/\/api.w.org\/{rel}","templated":true}]}}