
{"id":6263,"date":"2015-07-17T10:45:49","date_gmt":"2015-07-17T10:45:49","guid":{"rendered":"https:\/\/www.tnsglobal.pl\/archiwumraportow\/?p=6263"},"modified":"2015-07-20T10:47:54","modified_gmt":"2015-07-20T10:47:54","slug":"preferencje-partyjne-polakow-lipiec-2015","status":"publish","type":"post","link":"https:\/\/public.kantarpolska.com\/archiwumraportow\/2015\/07\/17\/preferencje-partyjne-polakow-lipiec-2015\/","title":{"rendered":"Preferencje partyjne Polak\u00f3w. Lipiec 2015"},"content":{"rendered":"<p>W po\u0142owie lipca TNS Polska w swoim cyklicznym, comiesi\u0119cznym badaniu Omnibus zapyta\u0142 Polak\u00f3w o gotowo\u015b\u0107 uczestnictwa w wyborach parlamentarnych oraz o preferencje partyjne. Niniejszy raport przedstawia najnowsze wyniki oraz ich por\u00f3wnanie z danymi z <!--more-->poprzednich miesi\u0119cy.<\/p>\n","protected":false},"excerpt":{"rendered":"<p>W po\u0142owie lipca TNS Polska w swoim cyklicznym, comiesi\u0119cznym badaniu Omnibus zapyta\u0142 Polak\u00f3w o gotowo\u015b\u0107 uczestnictwa w wyborach parlamentarnych oraz o preferencje partyjne. Niniejszy raport przedstawia najnowsze wyniki oraz ich por\u00f3wnanie z danymi z<\/p>\n","protected":false},"author":16,"featured_media":0,"comment_status":"closed","ping_status":"closed","sticky":false,"template":"","format":"standard","meta":{"ngg_post_thumbnail":0},"categories":[1],"tags":[27,12,17],"_links":{"self":[{"href":"https:\/\/public.kantarpolska.com\/archiwumraportow\/wp-json\/wp\/v2\/posts\/6263"}],"collection":[{"href":"https:\/\/public.kantarpolska.com\/archiwumraportow\/wp-json\/wp\/v2\/posts"}],"about":[{"href":"https:\/\/public.kantarpolska.com\/archiwumraportow\/wp-json\/wp\/v2\/types\/post"}],"author":[{"embeddable":true,"href":"https:\/\/public.kantarpolska.com\/archiwumraportow\/wp-json\/wp\/v2\/users\/16"}],"replies":[{"embeddable":true,"href":"https:\/\/public.kantarpolska.com\/archiwumraportow\/wp-json\/wp\/v2\/comments?post=6263"}],"version-history":[{"count":2,"href":"https:\/\/public.kantarpolska.com\/archiwumraportow\/wp-json\/wp\/v2\/posts\/6263\/revisions"}],"predecessor-version":[{"id":6266,"href":"https:\/\/public.kantarpolska.com\/archiwumraportow\/wp-json\/wp\/v2\/posts\/6263\/revisions\/6266"}],"wp:attachment":[{"href":"https:\/\/public.kantarpolska.com\/archiwumraportow\/wp-json\/wp\/v2\/media?parent=6263"}],"wp:term":[{"taxonomy":"category","embeddable":true,"href":"https:\/\/public.kantarpolska.com\/archiwumraportow\/wp-json\/wp\/v2\/categories?post=6263"},{"taxonomy":"post_tag","embeddable":true,"href":"https:\/\/public.kantarpolska.com\/archiwumraportow\/wp-json\/wp\/v2\/tags?post=6263"}],"curies":[{"name":"wp","href":"https:\/\/api.w.org\/{rel}","templated":true}]}}