
{"id":6237,"date":"2015-06-16T09:13:04","date_gmt":"2015-06-16T09:13:04","guid":{"rendered":"https:\/\/www.tnsglobal.pl\/archiwumraportow\/?p=6237"},"modified":"2015-06-16T09:13:04","modified_gmt":"2015-06-16T09:13:04","slug":"znajomosc-jezykow-obcych","status":"publish","type":"post","link":"https:\/\/public.kantarpolska.com\/archiwumraportow\/2015\/06\/16\/znajomosc-jezykow-obcych\/","title":{"rendered":"Znajomo\u015b\u0107 j\u0119zyk\u00f3w obcych"},"content":{"rendered":"<p>W jakim stopniu Polacy pos\u0142uguj\u0105 si\u0119 j\u0119zykami obcymi? Kt\u00f3re j\u0119zyki obce s\u0105 najpopularniejsze w\u015br\u00f3d Polak\u00f3w? W maju 2015 roku TNS Polska zapyta\u0142 Polak\u00f3w o ich znajomo\u015b\u0107 j\u0119zyk\u00f3w obcych. Poni\u017cszy raport przedstawia uzyskane odpowiedzi oraz ich <!--more-->por\u00f3wnanie z wynikami badania na ten sam temat sprzed 15 lat.<\/p>\n","protected":false},"excerpt":{"rendered":"<p>W jakim stopniu Polacy pos\u0142uguj\u0105 si\u0119 j\u0119zykami obcymi? Kt\u00f3re j\u0119zyki obce s\u0105 najpopularniejsze w\u015br\u00f3d Polak\u00f3w? W maju 2015 roku TNS Polska zapyta\u0142 Polak\u00f3w o ich znajomo\u015b\u0107 j\u0119zyk\u00f3w obcych. Poni\u017cszy raport przedstawia uzyskane odpowiedzi oraz ich<\/p>\n","protected":false},"author":16,"featured_media":0,"comment_status":"closed","ping_status":"closed","sticky":false,"template":"","format":"standard","meta":{"ngg_post_thumbnail":0},"categories":[1],"tags":[],"_links":{"self":[{"href":"https:\/\/public.kantarpolska.com\/archiwumraportow\/wp-json\/wp\/v2\/posts\/6237"}],"collection":[{"href":"https:\/\/public.kantarpolska.com\/archiwumraportow\/wp-json\/wp\/v2\/posts"}],"about":[{"href":"https:\/\/public.kantarpolska.com\/archiwumraportow\/wp-json\/wp\/v2\/types\/post"}],"author":[{"embeddable":true,"href":"https:\/\/public.kantarpolska.com\/archiwumraportow\/wp-json\/wp\/v2\/users\/16"}],"replies":[{"embeddable":true,"href":"https:\/\/public.kantarpolska.com\/archiwumraportow\/wp-json\/wp\/v2\/comments?post=6237"}],"version-history":[{"count":1,"href":"https:\/\/public.kantarpolska.com\/archiwumraportow\/wp-json\/wp\/v2\/posts\/6237\/revisions"}],"predecessor-version":[{"id":6239,"href":"https:\/\/public.kantarpolska.com\/archiwumraportow\/wp-json\/wp\/v2\/posts\/6237\/revisions\/6239"}],"wp:attachment":[{"href":"https:\/\/public.kantarpolska.com\/archiwumraportow\/wp-json\/wp\/v2\/media?parent=6237"}],"wp:term":[{"taxonomy":"category","embeddable":true,"href":"https:\/\/public.kantarpolska.com\/archiwumraportow\/wp-json\/wp\/v2\/categories?post=6237"},{"taxonomy":"post_tag","embeddable":true,"href":"https:\/\/public.kantarpolska.com\/archiwumraportow\/wp-json\/wp\/v2\/tags?post=6237"}],"curies":[{"name":"wp","href":"https:\/\/api.w.org\/{rel}","templated":true}]}}