
{"id":6197,"date":"2015-05-08T10:25:53","date_gmt":"2015-05-08T10:25:53","guid":{"rendered":"https:\/\/www.tnsglobal.pl\/archiwumraportow\/?p=6197"},"modified":"2015-05-08T10:27:20","modified_gmt":"2015-05-08T10:27:20","slug":"6197","status":"publish","type":"post","link":"https:\/\/public.kantarpolska.com\/archiwumraportow\/2015\/05\/08\/6197\/","title":{"rendered":"B\u00f3le staw\u00f3w a \u017cycie codzienne ludzi w wieku 55 i wi\u0119cej lat"},"content":{"rendered":"<p>W marcu 2013 r. TNS Polska przeprowadzi\u0142 badanie dotycz\u0105ce wp\u0142ywu samopoczucia, stanu zdrowia, odczuwanych dolegliwo\u015bci (w tym &#8211; b\u00f3li staw\u00f3w) na jako\u015b\u0107 \u017cycia ludzi w wieku 55 i wi\u0119cej lat. Ponadto pytano o profilaktyk\u0119 oraz sposoby przeciwdzia\u0142ania dolegliwo\u015bciom b\u00f3lowym mi\u0119\u015bni i staw\u00f3w. Badanie zosta\u0142o zrealizowane na <!--more-->og\u00f3lnopolskiej, losowej, reprezentatywnej 500-osobowej pr\u00f3bie dla Edelman Polska. Raport zdaje spraw\u0119 z wynik\u00f3w tego badania.<\/p>\n","protected":false},"excerpt":{"rendered":"<p>W marcu 2013 r. TNS Polska przeprowadzi\u0142 badanie dotycz\u0105ce wp\u0142ywu samopoczucia, stanu zdrowia, odczuwanych dolegliwo\u015bci (w tym &#8211; b\u00f3li staw\u00f3w) na jako\u015b\u0107 \u017cycia ludzi w wieku 55 i wi\u0119cej lat. Ponadto pytano o profilaktyk\u0119 oraz sposoby przeciwdzia\u0142ania dolegliwo\u015bciom b\u00f3lowym mi\u0119\u015bni i staw\u00f3w. Badanie zosta\u0142o zrealizowane na<\/p>\n","protected":false},"author":16,"featured_media":0,"comment_status":"closed","ping_status":"closed","sticky":false,"template":"","format":"standard","meta":{"ngg_post_thumbnail":0},"categories":[1],"tags":[20],"_links":{"self":[{"href":"https:\/\/public.kantarpolska.com\/archiwumraportow\/wp-json\/wp\/v2\/posts\/6197"}],"collection":[{"href":"https:\/\/public.kantarpolska.com\/archiwumraportow\/wp-json\/wp\/v2\/posts"}],"about":[{"href":"https:\/\/public.kantarpolska.com\/archiwumraportow\/wp-json\/wp\/v2\/types\/post"}],"author":[{"embeddable":true,"href":"https:\/\/public.kantarpolska.com\/archiwumraportow\/wp-json\/wp\/v2\/users\/16"}],"replies":[{"embeddable":true,"href":"https:\/\/public.kantarpolska.com\/archiwumraportow\/wp-json\/wp\/v2\/comments?post=6197"}],"version-history":[{"count":3,"href":"https:\/\/public.kantarpolska.com\/archiwumraportow\/wp-json\/wp\/v2\/posts\/6197\/revisions"}],"predecessor-version":[{"id":6203,"href":"https:\/\/public.kantarpolska.com\/archiwumraportow\/wp-json\/wp\/v2\/posts\/6197\/revisions\/6203"}],"wp:attachment":[{"href":"https:\/\/public.kantarpolska.com\/archiwumraportow\/wp-json\/wp\/v2\/media?parent=6197"}],"wp:term":[{"taxonomy":"category","embeddable":true,"href":"https:\/\/public.kantarpolska.com\/archiwumraportow\/wp-json\/wp\/v2\/categories?post=6197"},{"taxonomy":"post_tag","embeddable":true,"href":"https:\/\/public.kantarpolska.com\/archiwumraportow\/wp-json\/wp\/v2\/tags?post=6197"}],"curies":[{"name":"wp","href":"https:\/\/api.w.org\/{rel}","templated":true}]}}