
{"id":6192,"date":"2015-05-07T07:40:46","date_gmt":"2015-05-07T07:40:46","guid":{"rendered":"https:\/\/www.tnsglobal.pl\/archiwumraportow\/?p=6192"},"modified":"2015-05-08T10:18:51","modified_gmt":"2015-05-08T10:18:51","slug":"czy-jestesmy-zwyciezcami-polacy-o-przeszlosci-i-o-ii-wojnie-swiatowej","status":"publish","type":"post","link":"https:\/\/public.kantarpolska.com\/archiwumraportow\/2015\/05\/07\/czy-jestesmy-zwyciezcami-polacy-o-przeszlosci-i-o-ii-wojnie-swiatowej\/","title":{"rendered":"Czy jeste\u015bmy zwyci\u0119zcami? Polacy o przesz\u0142o\u015bci i o II wojnie \u015bwiatowej"},"content":{"rendered":"<p>Obchody 70. rocznicy zako\u0144czenia II wojny \u015bwiatowej rozpoczn\u0105 si\u0119 7 maja na Westerplatte, czyli w symbolicznym miejscu jej rozpocz\u0119cia. Z tej okazji respondent\u00f3w zapytali\u015bmy o ich stosunek do przesz\u0142o\u015bci oraz opinie na temat II wojny \u015bwiatowej \u2013 jaki <!--more-->nar\u00f3d do\u015bwiadczy\u0142 najwi\u0119kszych cierpie\u0144, czy Polacy mog\u0105 czu\u0107 si\u0119 zwyci\u0119zcami? Raport przedstawia odpowiedzi na te i inne pytania.<\/p>\n","protected":false},"excerpt":{"rendered":"<p>Obchody 70. rocznicy zako\u0144czenia II wojny \u015bwiatowej rozpoczn\u0105 si\u0119 7 maja na Westerplatte, czyli w symbolicznym miejscu jej rozpocz\u0119cia. Z tej okazji respondent\u00f3w zapytali\u015bmy o ich stosunek do przesz\u0142o\u015bci oraz opinie na temat II wojny \u015bwiatowej \u2013 jaki<\/p>\n","protected":false},"author":16,"featured_media":0,"comment_status":"closed","ping_status":"closed","sticky":false,"template":"","format":"standard","meta":{"ngg_post_thumbnail":0},"categories":[1],"tags":[127,126,93],"_links":{"self":[{"href":"https:\/\/public.kantarpolska.com\/archiwumraportow\/wp-json\/wp\/v2\/posts\/6192"}],"collection":[{"href":"https:\/\/public.kantarpolska.com\/archiwumraportow\/wp-json\/wp\/v2\/posts"}],"about":[{"href":"https:\/\/public.kantarpolska.com\/archiwumraportow\/wp-json\/wp\/v2\/types\/post"}],"author":[{"embeddable":true,"href":"https:\/\/public.kantarpolska.com\/archiwumraportow\/wp-json\/wp\/v2\/users\/16"}],"replies":[{"embeddable":true,"href":"https:\/\/public.kantarpolska.com\/archiwumraportow\/wp-json\/wp\/v2\/comments?post=6192"}],"version-history":[{"count":1,"href":"https:\/\/public.kantarpolska.com\/archiwumraportow\/wp-json\/wp\/v2\/posts\/6192\/revisions"}],"predecessor-version":[{"id":6194,"href":"https:\/\/public.kantarpolska.com\/archiwumraportow\/wp-json\/wp\/v2\/posts\/6192\/revisions\/6194"}],"wp:attachment":[{"href":"https:\/\/public.kantarpolska.com\/archiwumraportow\/wp-json\/wp\/v2\/media?parent=6192"}],"wp:term":[{"taxonomy":"category","embeddable":true,"href":"https:\/\/public.kantarpolska.com\/archiwumraportow\/wp-json\/wp\/v2\/categories?post=6192"},{"taxonomy":"post_tag","embeddable":true,"href":"https:\/\/public.kantarpolska.com\/archiwumraportow\/wp-json\/wp\/v2\/tags?post=6192"}],"curies":[{"name":"wp","href":"https:\/\/api.w.org\/{rel}","templated":true}]}}