
{"id":6173,"date":"2015-04-24T08:38:27","date_gmt":"2015-04-24T08:38:27","guid":{"rendered":"https:\/\/www.tnsglobal.pl\/archiwumraportow\/?p=6173"},"modified":"2015-04-24T08:45:08","modified_gmt":"2015-04-24T08:45:08","slug":"preferencje-prezydenckie-w-kwietniu-2015-roku","status":"publish","type":"post","link":"https:\/\/public.kantarpolska.com\/archiwumraportow\/2015\/04\/24\/preferencje-prezydenckie-w-kwietniu-2015-roku\/","title":{"rendered":"Preferencje prezydenckie w kwietniu 2015 roku"},"content":{"rendered":"<p>Pi\u0119cioletnia kadencja prezydenta Bronis\u0142awa Komorowskiego dobiega ko\u0144ca. Polak\u00f3w czekaj\u0105 wybory prezydenckie. Pierwsza tura odb\u0119dzie si\u0119 10 maja tego roku, natomiast druga \u2013 w wypadku gdy \u017caden kandydat nie uzyska wi\u0119kszo\u015bci g\u0142os\u00f3w \u2013 24 maja 2015 <!--more-->roku. Kogo wybior\u0105 Polacy? Czy zamierzaj\u0105 wzi\u0105\u0107 udzia\u0142 w wyborach? Poni\u017cszy raport przedstawia wyniki czwartego tegorocznego badania deklaracji przedwyborczych w por\u00f3wnaniu z tymi uzyskanymi w styczniu, lutym i marcu tego roku.<\/p>\n<p>Zwracamy uwag\u0119, \u017ce w tej edycji wynik\u00f3w preferencji prezydenckich prezentujemy dwa rodzaje przelicze\u0144 wynik\u00f3w &#8211; pierwszy, tak jak to by\u0142o dotychczas, przedstawia procentowanie z uwzgl\u0119dnieniem odpowiedzi &#8222;nie wiem\/ trudno powiedzie\u0107&#8221; (g\u0142os\u00f3w os\u00f3b jeszcze niezdecydowanych, na kogo zag\u0142osowa\u0107); drugi to procentowanie bez uwzgl\u0119dniania g\u0142os\u00f3w os\u00f3b niezdecydowanych. Dodatkowo w raporcie przedstawili\u015bmy informacj\u0119 o przedzia\u0142ach, w jakich mo\u017ce mie\u015bci\u0107 si\u0119 poparcie dla poszczeg\u00f3lnych kandydat\u00f3w, gdy uwzgl\u0119dnimy poziom b\u0142\u0119du statystycznego dla ka\u017cdego uzyskanego wyniku.<\/p>\n","protected":false},"excerpt":{"rendered":"<p>Pi\u0119cioletnia kadencja prezydenta Bronis\u0142awa Komorowskiego dobiega ko\u0144ca. Polak\u00f3w czekaj\u0105 wybory prezydenckie. Pierwsza tura odb\u0119dzie si\u0119 10 maja tego roku, natomiast druga \u2013 w wypadku gdy \u017caden kandydat nie uzyska wi\u0119kszo\u015bci g\u0142os\u00f3w \u2013 24 maja 2015<\/p>\n","protected":false},"author":16,"featured_media":0,"comment_status":"closed","ping_status":"closed","sticky":false,"template":"","format":"standard","meta":{"ngg_post_thumbnail":0},"categories":[1],"tags":[],"_links":{"self":[{"href":"https:\/\/public.kantarpolska.com\/archiwumraportow\/wp-json\/wp\/v2\/posts\/6173"}],"collection":[{"href":"https:\/\/public.kantarpolska.com\/archiwumraportow\/wp-json\/wp\/v2\/posts"}],"about":[{"href":"https:\/\/public.kantarpolska.com\/archiwumraportow\/wp-json\/wp\/v2\/types\/post"}],"author":[{"embeddable":true,"href":"https:\/\/public.kantarpolska.com\/archiwumraportow\/wp-json\/wp\/v2\/users\/16"}],"replies":[{"embeddable":true,"href":"https:\/\/public.kantarpolska.com\/archiwumraportow\/wp-json\/wp\/v2\/comments?post=6173"}],"version-history":[{"count":3,"href":"https:\/\/public.kantarpolska.com\/archiwumraportow\/wp-json\/wp\/v2\/posts\/6173\/revisions"}],"predecessor-version":[{"id":6176,"href":"https:\/\/public.kantarpolska.com\/archiwumraportow\/wp-json\/wp\/v2\/posts\/6173\/revisions\/6176"}],"wp:attachment":[{"href":"https:\/\/public.kantarpolska.com\/archiwumraportow\/wp-json\/wp\/v2\/media?parent=6173"}],"wp:term":[{"taxonomy":"category","embeddable":true,"href":"https:\/\/public.kantarpolska.com\/archiwumraportow\/wp-json\/wp\/v2\/categories?post=6173"},{"taxonomy":"post_tag","embeddable":true,"href":"https:\/\/public.kantarpolska.com\/archiwumraportow\/wp-json\/wp\/v2\/tags?post=6173"}],"curies":[{"name":"wp","href":"https:\/\/api.w.org\/{rel}","templated":true}]}}