
{"id":6158,"date":"2015-04-14T10:50:29","date_gmt":"2015-04-14T10:50:29","guid":{"rendered":"https:\/\/www.tnsglobal.pl\/archiwumraportow\/?p=6158"},"modified":"2015-04-14T10:50:45","modified_gmt":"2015-04-14T10:50:45","slug":"reklama-w-przestrzeni-publicznej","status":"publish","type":"post","link":"https:\/\/public.kantarpolska.com\/archiwumraportow\/2015\/04\/14\/reklama-w-przestrzeni-publicznej\/","title":{"rendered":"Reklama w przestrzeni publicznej"},"content":{"rendered":"<p>Latem 2013 roku TNS Polska przeprowadzi\u0142 badanie na temat stosunku Polak\u00f3w do reklamy w przestrzeni publicznej w Polsce. Po uzyskaniu wynik\u00f3w od reprezentatywnej pr\u00f3by 1000 Polak\u00f3w, zorganizowali\u015bmy dyskusj\u0119 eksperck\u0105, kt\u00f3ra pomog\u0142a nam<!--more-->lepiej zrozumie\u0107 i zinterpretowa\u0107 wyniki badania.<\/p>\n","protected":false},"excerpt":{"rendered":"<p>Latem 2013 roku TNS Polska przeprowadzi\u0142 badanie na temat stosunku Polak\u00f3w do reklamy w przestrzeni publicznej w Polsce. Po uzyskaniu wynik\u00f3w od reprezentatywnej pr\u00f3by 1000 Polak\u00f3w, zorganizowali\u015bmy dyskusj\u0119 eksperck\u0105, kt\u00f3ra pomog\u0142a nam<\/p>\n","protected":false},"author":16,"featured_media":0,"comment_status":"closed","ping_status":"closed","sticky":false,"template":"","format":"standard","meta":{"ngg_post_thumbnail":0},"categories":[1],"tags":[69],"_links":{"self":[{"href":"https:\/\/public.kantarpolska.com\/archiwumraportow\/wp-json\/wp\/v2\/posts\/6158"}],"collection":[{"href":"https:\/\/public.kantarpolska.com\/archiwumraportow\/wp-json\/wp\/v2\/posts"}],"about":[{"href":"https:\/\/public.kantarpolska.com\/archiwumraportow\/wp-json\/wp\/v2\/types\/post"}],"author":[{"embeddable":true,"href":"https:\/\/public.kantarpolska.com\/archiwumraportow\/wp-json\/wp\/v2\/users\/16"}],"replies":[{"embeddable":true,"href":"https:\/\/public.kantarpolska.com\/archiwumraportow\/wp-json\/wp\/v2\/comments?post=6158"}],"version-history":[{"count":2,"href":"https:\/\/public.kantarpolska.com\/archiwumraportow\/wp-json\/wp\/v2\/posts\/6158\/revisions"}],"predecessor-version":[{"id":6162,"href":"https:\/\/public.kantarpolska.com\/archiwumraportow\/wp-json\/wp\/v2\/posts\/6158\/revisions\/6162"}],"wp:attachment":[{"href":"https:\/\/public.kantarpolska.com\/archiwumraportow\/wp-json\/wp\/v2\/media?parent=6158"}],"wp:term":[{"taxonomy":"category","embeddable":true,"href":"https:\/\/public.kantarpolska.com\/archiwumraportow\/wp-json\/wp\/v2\/categories?post=6158"},{"taxonomy":"post_tag","embeddable":true,"href":"https:\/\/public.kantarpolska.com\/archiwumraportow\/wp-json\/wp\/v2\/tags?post=6158"}],"curies":[{"name":"wp","href":"https:\/\/api.w.org\/{rel}","templated":true}]}}