
{"id":6111,"date":"2015-03-20T13:07:16","date_gmt":"2015-03-20T13:07:16","guid":{"rendered":"https:\/\/www.tnsglobal.pl\/archiwumraportow\/?p=6111"},"modified":"2015-03-20T13:07:16","modified_gmt":"2015-03-20T13:07:16","slug":"preferencje-partyjne-polakow-marzec-2015","status":"publish","type":"post","link":"https:\/\/public.kantarpolska.com\/archiwumraportow\/2015\/03\/20\/preferencje-partyjne-polakow-marzec-2015\/","title":{"rendered":"Preferencje partyjne Polak\u00f3w. Marzec 2015"},"content":{"rendered":"<p>Jak co miesi\u0105c, TNS Polska w marcu zapyta\u0142 Polak\u00f3w o gotowo\u015b\u0107 uczestnictwa w wyborach parlamentarnych oraz o preferencje partyjne. Niniejszy raport przedstawia najnowsze wyniki oraz ich por\u00f3wnanie z danymi z poprzednich miesi\u0119cy.<!--more--><\/p>\n","protected":false},"excerpt":{"rendered":"<p>Jak co miesi\u0105c, TNS Polska w marcu zapyta\u0142 Polak\u00f3w o gotowo\u015b\u0107 uczestnictwa w wyborach parlamentarnych oraz o preferencje partyjne. Niniejszy raport przedstawia najnowsze wyniki oraz ich por\u00f3wnanie z danymi z poprzednich miesi\u0119cy.<\/p>\n","protected":false},"author":16,"featured_media":0,"comment_status":"closed","ping_status":"closed","sticky":false,"template":"","format":"standard","meta":{"ngg_post_thumbnail":0},"categories":[1],"tags":[27,12,17],"_links":{"self":[{"href":"https:\/\/public.kantarpolska.com\/archiwumraportow\/wp-json\/wp\/v2\/posts\/6111"}],"collection":[{"href":"https:\/\/public.kantarpolska.com\/archiwumraportow\/wp-json\/wp\/v2\/posts"}],"about":[{"href":"https:\/\/public.kantarpolska.com\/archiwumraportow\/wp-json\/wp\/v2\/types\/post"}],"author":[{"embeddable":true,"href":"https:\/\/public.kantarpolska.com\/archiwumraportow\/wp-json\/wp\/v2\/users\/16"}],"replies":[{"embeddable":true,"href":"https:\/\/public.kantarpolska.com\/archiwumraportow\/wp-json\/wp\/v2\/comments?post=6111"}],"version-history":[{"count":2,"href":"https:\/\/public.kantarpolska.com\/archiwumraportow\/wp-json\/wp\/v2\/posts\/6111\/revisions"}],"predecessor-version":[{"id":6114,"href":"https:\/\/public.kantarpolska.com\/archiwumraportow\/wp-json\/wp\/v2\/posts\/6111\/revisions\/6114"}],"wp:attachment":[{"href":"https:\/\/public.kantarpolska.com\/archiwumraportow\/wp-json\/wp\/v2\/media?parent=6111"}],"wp:term":[{"taxonomy":"category","embeddable":true,"href":"https:\/\/public.kantarpolska.com\/archiwumraportow\/wp-json\/wp\/v2\/categories?post=6111"},{"taxonomy":"post_tag","embeddable":true,"href":"https:\/\/public.kantarpolska.com\/archiwumraportow\/wp-json\/wp\/v2\/tags?post=6111"}],"curies":[{"name":"wp","href":"https:\/\/api.w.org\/{rel}","templated":true}]}}