
{"id":6106,"date":"2015-03-10T15:41:34","date_gmt":"2015-03-10T15:41:34","guid":{"rendered":"https:\/\/www.tnsglobal.pl\/archiwumraportow\/?p=6106"},"modified":"2015-03-10T15:47:07","modified_gmt":"2015-03-10T15:47:07","slug":"nastroje-strajkowe-polakow-w-lutym-2015-roku","status":"publish","type":"post","link":"https:\/\/public.kantarpolska.com\/archiwumraportow\/2015\/03\/10\/nastroje-strajkowe-polakow-w-lutym-2015-roku\/","title":{"rendered":"Nastroje strajkowe Polak\u00f3w w lutym 2015 roku"},"content":{"rendered":"<p>Ostatni raz badanie dotycz\u0105ce nastroj\u00f3w strajkowych Polak\u00f3w zosta\u0142o zrealizowane w marcu 2003 roku. W tym okresie przez Polsk\u0119 przesz\u0142a fala rolniczych protest\u00f3w, mia\u0142y te\u017c miejsce manifestacje \u201eSolidarno\u015bci\u201d. Na pocz\u0105tku tego roku protestowali g\u00f3rnicy i rolnicy. <!--more-->Swoje protesty zapowiedzia\u0142y niedawno r\u00f3wnie\u017c piel\u0119gniarki. Jak takie dzia\u0142ania oceniaj\u0105 Polacy? Czy uwa\u017caj\u0105 je za s\u0142uszne? Czy s\u0105 gotowi poprze\u0107 akcje masowego protestu? Raport przedstawia najnowsze wyniki oraz zestawia je z danami z wcze\u015bniejszych bada\u0144 realizowanych przez TNS Polska, mi\u0119dzy innymi tak\u017ce w okresach nasilonych protest\u00f3w (1995-2003).<\/p>\n","protected":false},"excerpt":{"rendered":"<p>Ostatni raz badanie dotycz\u0105ce nastroj\u00f3w strajkowych Polak\u00f3w zosta\u0142o zrealizowane w marcu 2003 roku. W tym okresie przez Polsk\u0119 przesz\u0142a fala rolniczych protest\u00f3w, mia\u0142y te\u017c miejsce manifestacje \u201eSolidarno\u015bci\u201d. Na pocz\u0105tku tego roku protestowali g\u00f3rnicy i rolnicy.<\/p>\n","protected":false},"author":16,"featured_media":0,"comment_status":"closed","ping_status":"closed","sticky":false,"template":"","format":"standard","meta":{"ngg_post_thumbnail":0},"categories":[1],"tags":[28,25],"_links":{"self":[{"href":"https:\/\/public.kantarpolska.com\/archiwumraportow\/wp-json\/wp\/v2\/posts\/6106"}],"collection":[{"href":"https:\/\/public.kantarpolska.com\/archiwumraportow\/wp-json\/wp\/v2\/posts"}],"about":[{"href":"https:\/\/public.kantarpolska.com\/archiwumraportow\/wp-json\/wp\/v2\/types\/post"}],"author":[{"embeddable":true,"href":"https:\/\/public.kantarpolska.com\/archiwumraportow\/wp-json\/wp\/v2\/users\/16"}],"replies":[{"embeddable":true,"href":"https:\/\/public.kantarpolska.com\/archiwumraportow\/wp-json\/wp\/v2\/comments?post=6106"}],"version-history":[{"count":1,"href":"https:\/\/public.kantarpolska.com\/archiwumraportow\/wp-json\/wp\/v2\/posts\/6106\/revisions"}],"predecessor-version":[{"id":6108,"href":"https:\/\/public.kantarpolska.com\/archiwumraportow\/wp-json\/wp\/v2\/posts\/6106\/revisions\/6108"}],"wp:attachment":[{"href":"https:\/\/public.kantarpolska.com\/archiwumraportow\/wp-json\/wp\/v2\/media?parent=6106"}],"wp:term":[{"taxonomy":"category","embeddable":true,"href":"https:\/\/public.kantarpolska.com\/archiwumraportow\/wp-json\/wp\/v2\/categories?post=6106"},{"taxonomy":"post_tag","embeddable":true,"href":"https:\/\/public.kantarpolska.com\/archiwumraportow\/wp-json\/wp\/v2\/tags?post=6106"}],"curies":[{"name":"wp","href":"https:\/\/api.w.org\/{rel}","templated":true}]}}