
{"id":6081,"date":"2015-02-27T09:42:35","date_gmt":"2015-02-27T09:42:35","guid":{"rendered":"https:\/\/www.tnsglobal.pl\/archiwumraportow\/?p=6081"},"modified":"2015-03-12T11:07:45","modified_gmt":"2015-03-12T11:07:45","slug":"jan-czy-john-slub-na-plazy-czy-w-kosciele","status":"publish","type":"post","link":"https:\/\/public.kantarpolska.com\/archiwumraportow\/2015\/02\/27\/jan-czy-john-slub-na-plazy-czy-w-kosciele\/","title":{"rendered":"Jan czy John? \u015alub na pla\u017cy czy w ko\u015bciele?"},"content":{"rendered":"<p>Jan czy John, Katarzyna czy Katy? Od marca wchodzi w \u017cycie ustawa pozwalaj\u0105ca nadawa\u0107 polskim dzieciom zagraniczne imiona. Co na to Polacy? Czy prawo powinno ingerowa\u0107 w decyzje rodzic\u00f3w?<!--more--><\/p>\n<p>Marzec 2015 roku to tak\u017ce czas nowo\u015bci dla os\u00f3b planuj\u0105cych zawarcie zwi\u0105zku ma\u0142\u017ce\u0144skiego. Czy Polacy doceni\u0105 mo\u017cliwo\u015b\u0107 zawierania ma\u0142\u017ce\u0144stwa gdzie indziej ni\u017c w ko\u015bciele i Urz\u0119dzie Stanu Cywilnego? Jakie miejsce wybraliby na ceremoni\u0119 \u015blubn\u0105? Poni\u017cszy raport przedstawia odpowiedzi na te pytania.<\/p>\n","protected":false},"excerpt":{"rendered":"<p>Jan czy John, Katarzyna czy Katy? Od marca wchodzi w \u017cycie ustawa pozwalaj\u0105ca nadawa\u0107 polskim dzieciom zagraniczne imiona. Co na to Polacy? Czy prawo powinno ingerowa\u0107 w decyzje rodzic\u00f3w?<\/p>\n","protected":false},"author":16,"featured_media":0,"comment_status":"closed","ping_status":"closed","sticky":false,"template":"","format":"standard","meta":{"ngg_post_thumbnail":0},"categories":[1],"tags":[43,134],"_links":{"self":[{"href":"https:\/\/public.kantarpolska.com\/archiwumraportow\/wp-json\/wp\/v2\/posts\/6081"}],"collection":[{"href":"https:\/\/public.kantarpolska.com\/archiwumraportow\/wp-json\/wp\/v2\/posts"}],"about":[{"href":"https:\/\/public.kantarpolska.com\/archiwumraportow\/wp-json\/wp\/v2\/types\/post"}],"author":[{"embeddable":true,"href":"https:\/\/public.kantarpolska.com\/archiwumraportow\/wp-json\/wp\/v2\/users\/16"}],"replies":[{"embeddable":true,"href":"https:\/\/public.kantarpolska.com\/archiwumraportow\/wp-json\/wp\/v2\/comments?post=6081"}],"version-history":[{"count":3,"href":"https:\/\/public.kantarpolska.com\/archiwumraportow\/wp-json\/wp\/v2\/posts\/6081\/revisions"}],"predecessor-version":[{"id":6110,"href":"https:\/\/public.kantarpolska.com\/archiwumraportow\/wp-json\/wp\/v2\/posts\/6081\/revisions\/6110"}],"wp:attachment":[{"href":"https:\/\/public.kantarpolska.com\/archiwumraportow\/wp-json\/wp\/v2\/media?parent=6081"}],"wp:term":[{"taxonomy":"category","embeddable":true,"href":"https:\/\/public.kantarpolska.com\/archiwumraportow\/wp-json\/wp\/v2\/categories?post=6081"},{"taxonomy":"post_tag","embeddable":true,"href":"https:\/\/public.kantarpolska.com\/archiwumraportow\/wp-json\/wp\/v2\/tags?post=6081"}],"curies":[{"name":"wp","href":"https:\/\/api.w.org\/{rel}","templated":true}]}}