
{"id":6064,"date":"2015-02-23T14:23:04","date_gmt":"2015-02-23T14:23:04","guid":{"rendered":"https:\/\/www.tnsglobal.pl\/archiwumraportow\/?p=6064"},"modified":"2015-02-23T14:23:04","modified_gmt":"2015-02-23T14:23:04","slug":"preferencje-prezydenckie-w-lutym-2015-roku","status":"publish","type":"post","link":"https:\/\/public.kantarpolska.com\/archiwumraportow\/2015\/02\/23\/preferencje-prezydenckie-w-lutym-2015-roku\/","title":{"rendered":"Preferencje prezydenckie w lutym 2015 roku"},"content":{"rendered":"<p>Pi\u0119cioletnia kadencja prezydenta Bronis\u0142awa Komorowskiego dobiega ko\u0144ca. Polak\u00f3w czekaj\u0105 wybory prezydenckie. Pierwsza tura odb\u0119dzie si\u0119 10 maja tego roku, natomiast druga \u2013 w wypadku gdy \u017caden kandydat nie uzyska wi\u0119kszo\u015bci g\u0142os\u00f3w \u2013 24 maja 2015 <!--more-->roku. Kogo wybior\u0105 Polacy? Czy zamierzaj\u0105 wzi\u0105\u0107 udzia\u0142 w wyborach? Poni\u017cszy raport przedstawia wyniki drugiego tegorocznego badania deklaracji przedwyborczych w por\u00f3wnaniu z tymi uzyskanymi w styczniu.<\/p>\n","protected":false},"excerpt":{"rendered":"<p>Pi\u0119cioletnia kadencja prezydenta Bronis\u0142awa Komorowskiego dobiega ko\u0144ca. Polak\u00f3w czekaj\u0105 wybory prezydenckie. Pierwsza tura odb\u0119dzie si\u0119 10 maja tego roku, natomiast druga \u2013 w wypadku gdy \u017caden kandydat nie uzyska wi\u0119kszo\u015bci g\u0142os\u00f3w \u2013 24 maja 2015<\/p>\n","protected":false},"author":16,"featured_media":0,"comment_status":"closed","ping_status":"closed","sticky":false,"template":"","format":"standard","meta":{"ngg_post_thumbnail":0},"categories":[1],"tags":[27,12,17],"_links":{"self":[{"href":"https:\/\/public.kantarpolska.com\/archiwumraportow\/wp-json\/wp\/v2\/posts\/6064"}],"collection":[{"href":"https:\/\/public.kantarpolska.com\/archiwumraportow\/wp-json\/wp\/v2\/posts"}],"about":[{"href":"https:\/\/public.kantarpolska.com\/archiwumraportow\/wp-json\/wp\/v2\/types\/post"}],"author":[{"embeddable":true,"href":"https:\/\/public.kantarpolska.com\/archiwumraportow\/wp-json\/wp\/v2\/users\/16"}],"replies":[{"embeddable":true,"href":"https:\/\/public.kantarpolska.com\/archiwumraportow\/wp-json\/wp\/v2\/comments?post=6064"}],"version-history":[{"count":2,"href":"https:\/\/public.kantarpolska.com\/archiwumraportow\/wp-json\/wp\/v2\/posts\/6064\/revisions"}],"predecessor-version":[{"id":6067,"href":"https:\/\/public.kantarpolska.com\/archiwumraportow\/wp-json\/wp\/v2\/posts\/6064\/revisions\/6067"}],"wp:attachment":[{"href":"https:\/\/public.kantarpolska.com\/archiwumraportow\/wp-json\/wp\/v2\/media?parent=6064"}],"wp:term":[{"taxonomy":"category","embeddable":true,"href":"https:\/\/public.kantarpolska.com\/archiwumraportow\/wp-json\/wp\/v2\/categories?post=6064"},{"taxonomy":"post_tag","embeddable":true,"href":"https:\/\/public.kantarpolska.com\/archiwumraportow\/wp-json\/wp\/v2\/tags?post=6064"}],"curies":[{"name":"wp","href":"https:\/\/api.w.org\/{rel}","templated":true}]}}