
{"id":6054,"date":"2015-02-05T14:29:34","date_gmt":"2015-02-05T14:29:34","guid":{"rendered":"https:\/\/www.tnsglobal.pl\/archiwumraportow\/?p=6054"},"modified":"2015-02-24T11:31:19","modified_gmt":"2015-02-24T11:31:19","slug":"w-karnawale-2","status":"publish","type":"post","link":"https:\/\/public.kantarpolska.com\/archiwumraportow\/2015\/02\/05\/w-karnawale-2\/","title":{"rendered":"W karnawale"},"content":{"rendered":"<p>Czas karnawa\u0142u 2015 nadszed\u0142 wraz z dniem Trzech Kr\u00f3li. Widowiskowe karnawa\u0142y odbywaj\u0105 si\u0119 w r\u00f3\u017cnych miejscach na \u015bwiecie \u2013 m.in. w Rio de Janeiro, w Wenecji, na Wyspach Kanaryjskich, czy w Niemczech. Czy Polacy ta\u0144cz\u0105 w karnawale? Czy czuj\u0105 si\u0119 <!--more-->dobrze na parkiecie? Czy lubi\u0105 wsp\u00f3lnie \u015bpiewa\u0107? Poni\u017cszy raport przedstawia odpowiedzi na te pytania oraz ich por\u00f3wnanie z wynikami uzyskanymi w 2011 roku.<\/p>\n","protected":false},"excerpt":{"rendered":"<p>Czas karnawa\u0142u 2015 nadszed\u0142 wraz z dniem Trzech Kr\u00f3li. Widowiskowe karnawa\u0142y odbywaj\u0105 si\u0119 w r\u00f3\u017cnych miejscach na \u015bwiecie \u2013 m.in. w Rio de Janeiro, w Wenecji, na Wyspach Kanaryjskich, czy w Niemczech. Czy Polacy ta\u0144cz\u0105 w karnawale? Czy czuj\u0105 si\u0119<\/p>\n","protected":false},"author":16,"featured_media":0,"comment_status":"closed","ping_status":"closed","sticky":false,"template":"","format":"standard","meta":{"ngg_post_thumbnail":0},"categories":[1],"tags":[109],"_links":{"self":[{"href":"https:\/\/public.kantarpolska.com\/archiwumraportow\/wp-json\/wp\/v2\/posts\/6054"}],"collection":[{"href":"https:\/\/public.kantarpolska.com\/archiwumraportow\/wp-json\/wp\/v2\/posts"}],"about":[{"href":"https:\/\/public.kantarpolska.com\/archiwumraportow\/wp-json\/wp\/v2\/types\/post"}],"author":[{"embeddable":true,"href":"https:\/\/public.kantarpolska.com\/archiwumraportow\/wp-json\/wp\/v2\/users\/16"}],"replies":[{"embeddable":true,"href":"https:\/\/public.kantarpolska.com\/archiwumraportow\/wp-json\/wp\/v2\/comments?post=6054"}],"version-history":[{"count":2,"href":"https:\/\/public.kantarpolska.com\/archiwumraportow\/wp-json\/wp\/v2\/posts\/6054\/revisions"}],"predecessor-version":[{"id":6069,"href":"https:\/\/public.kantarpolska.com\/archiwumraportow\/wp-json\/wp\/v2\/posts\/6054\/revisions\/6069"}],"wp:attachment":[{"href":"https:\/\/public.kantarpolska.com\/archiwumraportow\/wp-json\/wp\/v2\/media?parent=6054"}],"wp:term":[{"taxonomy":"category","embeddable":true,"href":"https:\/\/public.kantarpolska.com\/archiwumraportow\/wp-json\/wp\/v2\/categories?post=6054"},{"taxonomy":"post_tag","embeddable":true,"href":"https:\/\/public.kantarpolska.com\/archiwumraportow\/wp-json\/wp\/v2\/tags?post=6054"}],"curies":[{"name":"wp","href":"https:\/\/api.w.org\/{rel}","templated":true}]}}