
{"id":6022,"date":"2015-01-09T16:26:48","date_gmt":"2015-01-09T16:26:48","guid":{"rendered":"https:\/\/www.tnsglobal.pl\/archiwumraportow\/?p=6022"},"modified":"2015-01-13T11:09:26","modified_gmt":"2015-01-13T11:09:26","slug":"znajomosc-organizacji-dobroczynnych-oraz-ich-liderow","status":"publish","type":"post","link":"https:\/\/public.kantarpolska.com\/archiwumraportow\/2015\/01\/09\/znajomosc-organizacji-dobroczynnych-oraz-ich-liderow\/","title":{"rendered":"Znajomo\u015b\u0107 organizacji dobroczynnych oraz ich lider\u00f3w"},"content":{"rendered":"<p>Okres przed- i po\u015bwi\u0105teczny obfituje w wiele r\u00f3\u017cnych akcji o charakterze dobroczynnym, natomiast w nadchodz\u0105cy weekend czeka nas fina\u0142 Wielkiej Orkiestry \u015awi\u0105tecznej Pomocy. Na pocz\u0105tku grudnia Polacy zostali zapytani o to, jakie organizacje dobroczynne znaj\u0105, a <!--more-->tak\u017ce o to, jakich lider\u00f3w takich organizacji kojarz\u0105. Raport prezentuje uzyskane wyniki.<\/p>\n","protected":false},"excerpt":{"rendered":"<p>Okres przed- i po\u015bwi\u0105teczny obfituje w wiele r\u00f3\u017cnych akcji o charakterze dobroczynnym, natomiast w nadchodz\u0105cy weekend czeka nas fina\u0142 Wielkiej Orkiestry \u015awi\u0105tecznej Pomocy. Na pocz\u0105tku grudnia Polacy zostali zapytani o to, jakie organizacje dobroczynne znaj\u0105, a<\/p>\n","protected":false},"author":16,"featured_media":0,"comment_status":"closed","ping_status":"closed","sticky":false,"template":"","format":"standard","meta":{"ngg_post_thumbnail":0},"categories":[1],"tags":[78,80],"_links":{"self":[{"href":"https:\/\/public.kantarpolska.com\/archiwumraportow\/wp-json\/wp\/v2\/posts\/6022"}],"collection":[{"href":"https:\/\/public.kantarpolska.com\/archiwumraportow\/wp-json\/wp\/v2\/posts"}],"about":[{"href":"https:\/\/public.kantarpolska.com\/archiwumraportow\/wp-json\/wp\/v2\/types\/post"}],"author":[{"embeddable":true,"href":"https:\/\/public.kantarpolska.com\/archiwumraportow\/wp-json\/wp\/v2\/users\/16"}],"replies":[{"embeddable":true,"href":"https:\/\/public.kantarpolska.com\/archiwumraportow\/wp-json\/wp\/v2\/comments?post=6022"}],"version-history":[{"count":1,"href":"https:\/\/public.kantarpolska.com\/archiwumraportow\/wp-json\/wp\/v2\/posts\/6022\/revisions"}],"predecessor-version":[{"id":6024,"href":"https:\/\/public.kantarpolska.com\/archiwumraportow\/wp-json\/wp\/v2\/posts\/6022\/revisions\/6024"}],"wp:attachment":[{"href":"https:\/\/public.kantarpolska.com\/archiwumraportow\/wp-json\/wp\/v2\/media?parent=6022"}],"wp:term":[{"taxonomy":"category","embeddable":true,"href":"https:\/\/public.kantarpolska.com\/archiwumraportow\/wp-json\/wp\/v2\/categories?post=6022"},{"taxonomy":"post_tag","embeddable":true,"href":"https:\/\/public.kantarpolska.com\/archiwumraportow\/wp-json\/wp\/v2\/tags?post=6022"}],"curies":[{"name":"wp","href":"https:\/\/api.w.org\/{rel}","templated":true}]}}