
{"id":6018,"date":"2015-01-09T11:19:15","date_gmt":"2015-01-09T11:19:15","guid":{"rendered":"https:\/\/www.tnsglobal.pl\/archiwumraportow\/?p=6018"},"modified":"2015-01-13T11:09:44","modified_gmt":"2015-01-13T11:09:44","slug":"portfele-bardziej-otwarte-czyli-dobroczynnosc-polakow-w-okresie-swiatecznym","status":"publish","type":"post","link":"https:\/\/public.kantarpolska.com\/archiwumraportow\/2015\/01\/09\/portfele-bardziej-otwarte-czyli-dobroczynnosc-polakow-w-okresie-swiatecznym\/","title":{"rendered":"Portfele bardziej otwarte, czyli dobroczynno\u015b\u0107 Polak\u00f3w w okresie \u015bwi\u0105tecznym"},"content":{"rendered":"<p>Niebawem Fina\u0142 Wielkiej Orkiestry \u015awi\u0105tecznej Pomocy. Czy rzeczywi\u015bcie okres \u015bwi\u0105teczny sprzyja udzielaniu pomocy potrzebuj\u0105cym? Czy Polacy niesieni duchem \u015awi\u0105t Bo\u017cego Narodzenia s\u0105 bardziej sk\u0142onni do otwarcia nie tylko swoich serc, ale r\u00f3wnie\u017c <!--more-->portfeli? W grudniu 2014 roku TNS Polska zapyta\u0142 Polak\u00f3w o ich sk\u0142onno\u015b\u0107 do regularnego wspierania finansowego dzia\u0142alno\u015bci organizacji dobroczynnych. Podobne pytanie zadano r\u00f3wnie\u017c w marcu 2014 roku.<\/p>\n","protected":false},"excerpt":{"rendered":"<p>Niebawem Fina\u0142 Wielkiej Orkiestry \u015awi\u0105tecznej Pomocy. Czy rzeczywi\u015bcie okres \u015bwi\u0105teczny sprzyja udzielaniu pomocy potrzebuj\u0105cym? Czy Polacy niesieni duchem \u015awi\u0105t Bo\u017cego Narodzenia s\u0105 bardziej sk\u0142onni do otwarcia nie tylko swoich serc, ale r\u00f3wnie\u017c<\/p>\n","protected":false},"author":16,"featured_media":0,"comment_status":"closed","ping_status":"closed","sticky":false,"template":"","format":"standard","meta":{"ngg_post_thumbnail":0},"categories":[1],"tags":[78,80,107],"_links":{"self":[{"href":"https:\/\/public.kantarpolska.com\/archiwumraportow\/wp-json\/wp\/v2\/posts\/6018"}],"collection":[{"href":"https:\/\/public.kantarpolska.com\/archiwumraportow\/wp-json\/wp\/v2\/posts"}],"about":[{"href":"https:\/\/public.kantarpolska.com\/archiwumraportow\/wp-json\/wp\/v2\/types\/post"}],"author":[{"embeddable":true,"href":"https:\/\/public.kantarpolska.com\/archiwumraportow\/wp-json\/wp\/v2\/users\/16"}],"replies":[{"embeddable":true,"href":"https:\/\/public.kantarpolska.com\/archiwumraportow\/wp-json\/wp\/v2\/comments?post=6018"}],"version-history":[{"count":1,"href":"https:\/\/public.kantarpolska.com\/archiwumraportow\/wp-json\/wp\/v2\/posts\/6018\/revisions"}],"predecessor-version":[{"id":6020,"href":"https:\/\/public.kantarpolska.com\/archiwumraportow\/wp-json\/wp\/v2\/posts\/6018\/revisions\/6020"}],"wp:attachment":[{"href":"https:\/\/public.kantarpolska.com\/archiwumraportow\/wp-json\/wp\/v2\/media?parent=6018"}],"wp:term":[{"taxonomy":"category","embeddable":true,"href":"https:\/\/public.kantarpolska.com\/archiwumraportow\/wp-json\/wp\/v2\/categories?post=6018"},{"taxonomy":"post_tag","embeddable":true,"href":"https:\/\/public.kantarpolska.com\/archiwumraportow\/wp-json\/wp\/v2\/tags?post=6018"}],"curies":[{"name":"wp","href":"https:\/\/api.w.org\/{rel}","templated":true}]}}