
{"id":5988,"date":"2014-12-17T15:45:18","date_gmt":"2014-12-17T15:45:18","guid":{"rendered":"https:\/\/www.tnsglobal.pl\/archiwumraportow\/?p=5988"},"modified":"2014-12-17T15:46:56","modified_gmt":"2014-12-17T15:46:56","slug":"preferencje-partyjne-polakow-grudzien-2014","status":"publish","type":"post","link":"https:\/\/public.kantarpolska.com\/archiwumraportow\/2014\/12\/17\/preferencje-partyjne-polakow-grudzien-2014\/","title":{"rendered":"Preferencje partyjne Polak\u00f3w. Grudzie\u0144 2014"},"content":{"rendered":"<p>Jak co miesi\u0105c, TNS Polska zapyta\u0142 Polak\u00f3w o gotowo\u015b\u0107 uczestnictwa w wyborach parlamentarnych oraz o preferencje partyjne. Niniejszy raport przedstawia najnowsze wyniki oraz ich por\u00f3wnanie z danymi z poprzednich miesi\u0119cy.<!--more--><\/p>\n","protected":false},"excerpt":{"rendered":"<p>Jak co miesi\u0105c, TNS Polska zapyta\u0142 Polak\u00f3w o gotowo\u015b\u0107 uczestnictwa w wyborach parlamentarnych oraz o preferencje partyjne. Niniejszy raport przedstawia najnowsze wyniki oraz ich por\u00f3wnanie z danymi z poprzednich miesi\u0119cy.<\/p>\n","protected":false},"author":16,"featured_media":0,"comment_status":"closed","ping_status":"closed","sticky":false,"template":"","format":"standard","meta":{"ngg_post_thumbnail":0},"categories":[1],"tags":[27,26,61,13,17],"_links":{"self":[{"href":"https:\/\/public.kantarpolska.com\/archiwumraportow\/wp-json\/wp\/v2\/posts\/5988"}],"collection":[{"href":"https:\/\/public.kantarpolska.com\/archiwumraportow\/wp-json\/wp\/v2\/posts"}],"about":[{"href":"https:\/\/public.kantarpolska.com\/archiwumraportow\/wp-json\/wp\/v2\/types\/post"}],"author":[{"embeddable":true,"href":"https:\/\/public.kantarpolska.com\/archiwumraportow\/wp-json\/wp\/v2\/users\/16"}],"replies":[{"embeddable":true,"href":"https:\/\/public.kantarpolska.com\/archiwumraportow\/wp-json\/wp\/v2\/comments?post=5988"}],"version-history":[{"count":1,"href":"https:\/\/public.kantarpolska.com\/archiwumraportow\/wp-json\/wp\/v2\/posts\/5988\/revisions"}],"predecessor-version":[{"id":5990,"href":"https:\/\/public.kantarpolska.com\/archiwumraportow\/wp-json\/wp\/v2\/posts\/5988\/revisions\/5990"}],"wp:attachment":[{"href":"https:\/\/public.kantarpolska.com\/archiwumraportow\/wp-json\/wp\/v2\/media?parent=5988"}],"wp:term":[{"taxonomy":"category","embeddable":true,"href":"https:\/\/public.kantarpolska.com\/archiwumraportow\/wp-json\/wp\/v2\/categories?post=5988"},{"taxonomy":"post_tag","embeddable":true,"href":"https:\/\/public.kantarpolska.com\/archiwumraportow\/wp-json\/wp\/v2\/tags?post=5988"}],"curies":[{"name":"wp","href":"https:\/\/api.w.org\/{rel}","templated":true}]}}