
{"id":5982,"date":"2014-12-15T13:20:21","date_gmt":"2014-12-15T13:20:21","guid":{"rendered":"https:\/\/www.tnsglobal.pl\/archiwumraportow\/?p=5982"},"modified":"2014-12-15T13:21:04","modified_gmt":"2014-12-15T13:21:04","slug":"zyczliwosc-polakow-wobec-siebie","status":"publish","type":"post","link":"https:\/\/public.kantarpolska.com\/archiwumraportow\/2014\/12\/15\/zyczliwosc-polakow-wobec-siebie\/","title":{"rendered":"\u017byczliwo\u015b\u0107 Polak\u00f3w wobec siebie"},"content":{"rendered":"<p>Czy Polacy postrzegaj\u0105 ludzi jako \u017cyczliwych, oboj\u0119tnych, czy nie\u017cyczliwych? Jakie aspekty \u017cycia dziel\u0105 Polak\u00f3w najbardziej: praca, miejsce zamieszkania, wykszta\u0142cenie, a mo\u017ce pieni\u0105dze? Czy podej\u015bcie Polak\u00f3w do siebie nawzajem poprawi\u0142o si\u0119, czy pogorszy\u0142o w <!--more-->ci\u0105gu ostatnich 10 lat? TNS Polska zapyta\u0142 Polak\u00f3w w listopadzie, co s\u0105dz\u0105 na temat ludzkiej \u017cyczliwo\u015bci.<\/p>\n","protected":false},"excerpt":{"rendered":"<p>Czy Polacy postrzegaj\u0105 ludzi jako \u017cyczliwych, oboj\u0119tnych, czy nie\u017cyczliwych? Jakie aspekty \u017cycia dziel\u0105 Polak\u00f3w najbardziej: praca, miejsce zamieszkania, wykszta\u0142cenie, a mo\u017ce pieni\u0105dze? Czy podej\u015bcie Polak\u00f3w do siebie nawzajem poprawi\u0142o si\u0119, czy pogorszy\u0142o w<\/p>\n","protected":false},"author":16,"featured_media":0,"comment_status":"closed","ping_status":"closed","sticky":false,"template":"","format":"standard","meta":{"ngg_post_thumbnail":0},"categories":[1],"tags":[131],"_links":{"self":[{"href":"https:\/\/public.kantarpolska.com\/archiwumraportow\/wp-json\/wp\/v2\/posts\/5982"}],"collection":[{"href":"https:\/\/public.kantarpolska.com\/archiwumraportow\/wp-json\/wp\/v2\/posts"}],"about":[{"href":"https:\/\/public.kantarpolska.com\/archiwumraportow\/wp-json\/wp\/v2\/types\/post"}],"author":[{"embeddable":true,"href":"https:\/\/public.kantarpolska.com\/archiwumraportow\/wp-json\/wp\/v2\/users\/16"}],"replies":[{"embeddable":true,"href":"https:\/\/public.kantarpolska.com\/archiwumraportow\/wp-json\/wp\/v2\/comments?post=5982"}],"version-history":[{"count":3,"href":"https:\/\/public.kantarpolska.com\/archiwumraportow\/wp-json\/wp\/v2\/posts\/5982\/revisions"}],"predecessor-version":[{"id":5987,"href":"https:\/\/public.kantarpolska.com\/archiwumraportow\/wp-json\/wp\/v2\/posts\/5982\/revisions\/5987"}],"wp:attachment":[{"href":"https:\/\/public.kantarpolska.com\/archiwumraportow\/wp-json\/wp\/v2\/media?parent=5982"}],"wp:term":[{"taxonomy":"category","embeddable":true,"href":"https:\/\/public.kantarpolska.com\/archiwumraportow\/wp-json\/wp\/v2\/categories?post=5982"},{"taxonomy":"post_tag","embeddable":true,"href":"https:\/\/public.kantarpolska.com\/archiwumraportow\/wp-json\/wp\/v2\/tags?post=5982"}],"curies":[{"name":"wp","href":"https:\/\/api.w.org\/{rel}","templated":true}]}}