
{"id":5969,"date":"2014-11-20T15:34:26","date_gmt":"2014-11-20T15:34:26","guid":{"rendered":"https:\/\/www.tnsglobal.pl\/archiwumraportow\/?p=5969"},"modified":"2014-11-20T15:34:26","modified_gmt":"2014-11-20T15:34:26","slug":"ocena-dzialalnosci-rzadu-premiera-i-prezydenta-w-listopadzie-2014-roku","status":"publish","type":"post","link":"https:\/\/public.kantarpolska.com\/archiwumraportow\/2014\/11\/20\/ocena-dzialalnosci-rzadu-premiera-i-prezydenta-w-listopadzie-2014-roku\/","title":{"rendered":"Ocena dzia\u0142alno\u015bci rz\u0105du, premiera i prezydenta w listopadzie 2014 roku"},"content":{"rendered":"<p>Tak jak co miesi\u0105c, w listopadzie 2014 roku TNS Polska zapyta\u0142 Polak\u00f3w o to, jak oceniaj\u0105 prac\u0119 rz\u0105du, premier Ewy Kopacz oraz prezydenta Bronis\u0142awa Komorowskiego. W raporcie zaprezentowane s\u0105 najnowsze wyniki oraz ich por\u00f3wnanie z danymi z <!--more-->poprzednich miesi\u0119cy.<\/p>\n","protected":false},"excerpt":{"rendered":"<p>Tak jak co miesi\u0105c, w listopadzie 2014 roku TNS Polska zapyta\u0142 Polak\u00f3w o to, jak oceniaj\u0105 prac\u0119 rz\u0105du, premier Ewy Kopacz oraz prezydenta Bronis\u0142awa Komorowskiego. W raporcie zaprezentowane s\u0105 najnowsze wyniki oraz ich por\u00f3wnanie z danymi z<\/p>\n","protected":false},"author":16,"featured_media":0,"comment_status":"closed","ping_status":"closed","sticky":false,"template":"","format":"standard","meta":{"ngg_post_thumbnail":0},"categories":[1],"tags":[11,12,10],"_links":{"self":[{"href":"https:\/\/public.kantarpolska.com\/archiwumraportow\/wp-json\/wp\/v2\/posts\/5969"}],"collection":[{"href":"https:\/\/public.kantarpolska.com\/archiwumraportow\/wp-json\/wp\/v2\/posts"}],"about":[{"href":"https:\/\/public.kantarpolska.com\/archiwumraportow\/wp-json\/wp\/v2\/types\/post"}],"author":[{"embeddable":true,"href":"https:\/\/public.kantarpolska.com\/archiwumraportow\/wp-json\/wp\/v2\/users\/16"}],"replies":[{"embeddable":true,"href":"https:\/\/public.kantarpolska.com\/archiwumraportow\/wp-json\/wp\/v2\/comments?post=5969"}],"version-history":[{"count":2,"href":"https:\/\/public.kantarpolska.com\/archiwumraportow\/wp-json\/wp\/v2\/posts\/5969\/revisions"}],"predecessor-version":[{"id":5972,"href":"https:\/\/public.kantarpolska.com\/archiwumraportow\/wp-json\/wp\/v2\/posts\/5969\/revisions\/5972"}],"wp:attachment":[{"href":"https:\/\/public.kantarpolska.com\/archiwumraportow\/wp-json\/wp\/v2\/media?parent=5969"}],"wp:term":[{"taxonomy":"category","embeddable":true,"href":"https:\/\/public.kantarpolska.com\/archiwumraportow\/wp-json\/wp\/v2\/categories?post=5969"},{"taxonomy":"post_tag","embeddable":true,"href":"https:\/\/public.kantarpolska.com\/archiwumraportow\/wp-json\/wp\/v2\/tags?post=5969"}],"curies":[{"name":"wp","href":"https:\/\/api.w.org\/{rel}","templated":true}]}}