
{"id":5912,"date":"2014-09-30T14:33:45","date_gmt":"2014-09-30T14:33:45","guid":{"rendered":"https:\/\/www.tnsglobal.pl\/archiwumraportow\/?p=5912"},"modified":"2014-09-30T14:33:45","modified_gmt":"2014-09-30T14:33:45","slug":"doswiadczenie-wynajmowania-z-kim-mieszkac-pod-jednym-dachem","status":"publish","type":"post","link":"https:\/\/public.kantarpolska.com\/archiwumraportow\/2014\/09\/30\/doswiadczenie-wynajmowania-z-kim-mieszkac-pod-jednym-dachem\/","title":{"rendered":"Do\u015bwiadczenie wynajmowania. Z kim mieszka\u0107 pod jednym dachem?"},"content":{"rendered":"<p>TNS Polska zapyta\u0142 Polak\u00f3w o kwestie zwi\u0105zane z wynajmowaniem. Respondenci zostali zapytani m.in. o to, czy maj\u0105 do\u015bwiadczenia zwi\u0105zane z wynajmowaniem mieszkania b\u0105d\u017a pokoju, o to, komu najch\u0119tniej wynaj\u0119liby pok\u00f3j, a komu nie wynaj\u0119liby w og\u00f3le. Poni\u017cej <!--more-->prezentowana jest pierwsza cz\u0119\u015b\u0107 badania na ten temat \u2013 Do\u015bwiadczenie wynajmowania.<\/p>\n","protected":false},"excerpt":{"rendered":"<p>TNS Polska zapyta\u0142 Polak\u00f3w o kwestie zwi\u0105zane z wynajmowaniem. Respondenci zostali zapytani m.in. o to, czy maj\u0105 do\u015bwiadczenia zwi\u0105zane z wynajmowaniem mieszkania b\u0105d\u017a pokoju, o to, komu najch\u0119tniej wynaj\u0119liby pok\u00f3j, a komu nie wynaj\u0119liby w og\u00f3le. Poni\u017cej<\/p>\n","protected":false},"author":10,"featured_media":0,"comment_status":"closed","ping_status":"closed","sticky":false,"template":"","format":"standard","meta":{"ngg_post_thumbnail":0},"categories":[1],"tags":[110,109],"_links":{"self":[{"href":"https:\/\/public.kantarpolska.com\/archiwumraportow\/wp-json\/wp\/v2\/posts\/5912"}],"collection":[{"href":"https:\/\/public.kantarpolska.com\/archiwumraportow\/wp-json\/wp\/v2\/posts"}],"about":[{"href":"https:\/\/public.kantarpolska.com\/archiwumraportow\/wp-json\/wp\/v2\/types\/post"}],"author":[{"embeddable":true,"href":"https:\/\/public.kantarpolska.com\/archiwumraportow\/wp-json\/wp\/v2\/users\/10"}],"replies":[{"embeddable":true,"href":"https:\/\/public.kantarpolska.com\/archiwumraportow\/wp-json\/wp\/v2\/comments?post=5912"}],"version-history":[{"count":1,"href":"https:\/\/public.kantarpolska.com\/archiwumraportow\/wp-json\/wp\/v2\/posts\/5912\/revisions"}],"predecessor-version":[{"id":5914,"href":"https:\/\/public.kantarpolska.com\/archiwumraportow\/wp-json\/wp\/v2\/posts\/5912\/revisions\/5914"}],"wp:attachment":[{"href":"https:\/\/public.kantarpolska.com\/archiwumraportow\/wp-json\/wp\/v2\/media?parent=5912"}],"wp:term":[{"taxonomy":"category","embeddable":true,"href":"https:\/\/public.kantarpolska.com\/archiwumraportow\/wp-json\/wp\/v2\/categories?post=5912"},{"taxonomy":"post_tag","embeddable":true,"href":"https:\/\/public.kantarpolska.com\/archiwumraportow\/wp-json\/wp\/v2\/tags?post=5912"}],"curies":[{"name":"wp","href":"https:\/\/api.w.org\/{rel}","templated":true}]}}