
{"id":5908,"date":"2014-09-25T12:59:33","date_gmt":"2014-09-25T12:59:33","guid":{"rendered":"https:\/\/www.tnsglobal.pl\/archiwumraportow\/?p=5908"},"modified":"2014-09-25T12:59:33","modified_gmt":"2014-09-25T12:59:33","slug":"przyjecie-wspolnej-waluty-euro-we-wrzesniu-2014","status":"publish","type":"post","link":"https:\/\/public.kantarpolska.com\/archiwumraportow\/2014\/09\/25\/przyjecie-wspolnej-waluty-euro-we-wrzesniu-2014\/","title":{"rendered":"Przyj\u0119cie wsp\u00f3lnej waluty euro we wrze\u015bniu 2014"},"content":{"rendered":"<p>We wrze\u015bniu 2014 roku TNS Polska przeprowadzi\u0142 cykliczny sonda\u017c, w kt\u00f3rym zapyta\u0142 Polak\u00f3w o opinie na temat wej\u015bcia naszego kraju do strefy euro. Pytania dotyczy\u0142y og\u00f3lnej oceny wprowadzenia euro, preferowanej daty przyj\u0119cia wsp\u00f3lnej waluty europejskiej oraz <!--more-->przewidywanych konsekwencji zmiany waluty dla gospodarstw domowych, polskiej gospodarki, a tak\u017ce to\u017csamo\u015bci narodowej.<\/p>\n","protected":false},"excerpt":{"rendered":"<p>We wrze\u015bniu 2014 roku TNS Polska przeprowadzi\u0142 cykliczny sonda\u017c, w kt\u00f3rym zapyta\u0142 Polak\u00f3w o opinie na temat wej\u015bcia naszego kraju do strefy euro. Pytania dotyczy\u0142y og\u00f3lnej oceny wprowadzenia euro, preferowanej daty przyj\u0119cia wsp\u00f3lnej waluty europejskiej oraz<\/p>\n","protected":false},"author":10,"featured_media":0,"comment_status":"closed","ping_status":"closed","sticky":false,"template":"","format":"standard","meta":{"ngg_post_thumbnail":0},"categories":[1],"tags":[55],"_links":{"self":[{"href":"https:\/\/public.kantarpolska.com\/archiwumraportow\/wp-json\/wp\/v2\/posts\/5908"}],"collection":[{"href":"https:\/\/public.kantarpolska.com\/archiwumraportow\/wp-json\/wp\/v2\/posts"}],"about":[{"href":"https:\/\/public.kantarpolska.com\/archiwumraportow\/wp-json\/wp\/v2\/types\/post"}],"author":[{"embeddable":true,"href":"https:\/\/public.kantarpolska.com\/archiwumraportow\/wp-json\/wp\/v2\/users\/10"}],"replies":[{"embeddable":true,"href":"https:\/\/public.kantarpolska.com\/archiwumraportow\/wp-json\/wp\/v2\/comments?post=5908"}],"version-history":[{"count":1,"href":"https:\/\/public.kantarpolska.com\/archiwumraportow\/wp-json\/wp\/v2\/posts\/5908\/revisions"}],"predecessor-version":[{"id":5910,"href":"https:\/\/public.kantarpolska.com\/archiwumraportow\/wp-json\/wp\/v2\/posts\/5908\/revisions\/5910"}],"wp:attachment":[{"href":"https:\/\/public.kantarpolska.com\/archiwumraportow\/wp-json\/wp\/v2\/media?parent=5908"}],"wp:term":[{"taxonomy":"category","embeddable":true,"href":"https:\/\/public.kantarpolska.com\/archiwumraportow\/wp-json\/wp\/v2\/categories?post=5908"},{"taxonomy":"post_tag","embeddable":true,"href":"https:\/\/public.kantarpolska.com\/archiwumraportow\/wp-json\/wp\/v2\/tags?post=5908"}],"curies":[{"name":"wp","href":"https:\/\/api.w.org\/{rel}","templated":true}]}}