
{"id":5886,"date":"2014-09-18T11:40:41","date_gmt":"2014-09-18T11:40:41","guid":{"rendered":"https:\/\/www.tnsglobal.pl\/archiwumraportow\/?p=5886"},"modified":"2014-09-19T13:41:45","modified_gmt":"2014-09-19T13:41:45","slug":"donald-tusk-przewodniczacym-rady-europejskiej","status":"publish","type":"post","link":"https:\/\/public.kantarpolska.com\/archiwumraportow\/2014\/09\/18\/donald-tusk-przewodniczacym-rady-europejskiej\/","title":{"rendered":"Donald Tusk przewodnicz\u0105cym Rady Europejskiej"},"content":{"rendered":"<p>30 sierpnia 2014 roku Herman Van Rompuy \u2013 przewodnicz\u0105cy Rady Europejskiej poinformowa\u0142, \u017ce Donald Tusk zosta\u0142 wybrany na nowego szefa tej instytucji. Po raz pierwszy w historii polski polityk obejmie tak istotne stanowisko w Unii Europejskiej. Na <!--more-->pocz\u0105tku wrze\u015bnia TNS Polska zapyta\u0142 Polak\u00f3w, czy s\u0142yszeli o tej wiadomo\u015bci oraz czy wiedz\u0105, na jakie stanowisko zosta\u0142 wybrany polski premier i jak ten wyb\u00f3r oceniaj\u0105. Raport przedstawia odpowiedzi na te pytania.<\/p>\n","protected":false},"excerpt":{"rendered":"<p>30 sierpnia 2014 roku Herman Van Rompuy \u2013 przewodnicz\u0105cy Rady Europejskiej poinformowa\u0142, \u017ce Donald Tusk zosta\u0142 wybrany na nowego szefa tej instytucji. Po raz pierwszy w historii polski polityk obejmie tak istotne stanowisko w Unii Europejskiej. Na<\/p>\n","protected":false},"author":10,"featured_media":0,"comment_status":"closed","ping_status":"closed","sticky":false,"template":"","format":"standard","meta":{"ngg_post_thumbnail":0},"categories":[1],"tags":[11,57],"_links":{"self":[{"href":"https:\/\/public.kantarpolska.com\/archiwumraportow\/wp-json\/wp\/v2\/posts\/5886"}],"collection":[{"href":"https:\/\/public.kantarpolska.com\/archiwumraportow\/wp-json\/wp\/v2\/posts"}],"about":[{"href":"https:\/\/public.kantarpolska.com\/archiwumraportow\/wp-json\/wp\/v2\/types\/post"}],"author":[{"embeddable":true,"href":"https:\/\/public.kantarpolska.com\/archiwumraportow\/wp-json\/wp\/v2\/users\/10"}],"replies":[{"embeddable":true,"href":"https:\/\/public.kantarpolska.com\/archiwumraportow\/wp-json\/wp\/v2\/comments?post=5886"}],"version-history":[{"count":1,"href":"https:\/\/public.kantarpolska.com\/archiwumraportow\/wp-json\/wp\/v2\/posts\/5886\/revisions"}],"predecessor-version":[{"id":5888,"href":"https:\/\/public.kantarpolska.com\/archiwumraportow\/wp-json\/wp\/v2\/posts\/5886\/revisions\/5888"}],"wp:attachment":[{"href":"https:\/\/public.kantarpolska.com\/archiwumraportow\/wp-json\/wp\/v2\/media?parent=5886"}],"wp:term":[{"taxonomy":"category","embeddable":true,"href":"https:\/\/public.kantarpolska.com\/archiwumraportow\/wp-json\/wp\/v2\/categories?post=5886"},{"taxonomy":"post_tag","embeddable":true,"href":"https:\/\/public.kantarpolska.com\/archiwumraportow\/wp-json\/wp\/v2\/tags?post=5886"}],"curies":[{"name":"wp","href":"https:\/\/api.w.org\/{rel}","templated":true}]}}