
{"id":5872,"date":"2014-09-01T14:45:51","date_gmt":"2014-09-01T14:45:51","guid":{"rendered":"https:\/\/www.tnsglobal.pl\/archiwumraportow\/?p=5872"},"modified":"2014-09-01T14:53:44","modified_gmt":"2014-09-01T14:53:44","slug":"ii-wojna-swiatowa-w-pamieci-polakow-w-75-lat-od-wybuchu","status":"publish","type":"post","link":"https:\/\/public.kantarpolska.com\/archiwumraportow\/2014\/09\/01\/ii-wojna-swiatowa-w-pamieci-polakow-w-75-lat-od-wybuchu\/","title":{"rendered":"II wojna \u015bwiatowa w pami\u0119ci Polak\u00f3w \u2013 w 75 lat od wybuchu"},"content":{"rendered":"<p>75 lat temu \u2013 1 wrze\u015bnia 1939 roku rozpocz\u0119\u0142a si\u0119 II wojna \u015bwiatowa. Jak obecnie w polskim spo\u0142ecze\u0144stwie kszta\u0142tuje si\u0119 pami\u0119\u0107 o tym do\u015bwiadczeniu historycznym? W 2009 roku odpowied\u017a na powy\u017csze pytanie pr\u00f3bowa\u0142o znale\u017a\u0107 Muzeum II Wojny <!--more-->\u015awiatowej. Wtedy te\u017c TNS Pentor zrealizowa\u0142 projekt \u201eDruga wojna \u015bwiatowa w pami\u0119ci wsp\u00f3\u0142czesnego spo\u0142ecze\u0144stwa polskiego\u201d. Dzi\u015b, korzystaj\u0105c z zebranych wcze\u015bniej wynik\u00f3w, powr\u00f3cili\u015bmy do tematu, a uzyskane dane prezentujemy w poni\u017cszym opracowaniu.<\/p>\n","protected":false},"excerpt":{"rendered":"<p>75 lat temu \u2013 1 wrze\u015bnia 1939 roku rozpocz\u0119\u0142a si\u0119 II wojna \u015bwiatowa. Jak obecnie w polskim spo\u0142ecze\u0144stwie kszta\u0142tuje si\u0119 pami\u0119\u0107 o tym do\u015bwiadczeniu historycznym? W 2009 roku odpowied\u017a na powy\u017csze pytanie pr\u00f3bowa\u0142o znale\u017a\u0107 Muzeum II Wojny<\/p>\n","protected":false},"author":10,"featured_media":0,"comment_status":"closed","ping_status":"closed","sticky":false,"template":"","format":"standard","meta":{"ngg_post_thumbnail":0},"categories":[1],"tags":[127,126],"_links":{"self":[{"href":"https:\/\/public.kantarpolska.com\/archiwumraportow\/wp-json\/wp\/v2\/posts\/5872"}],"collection":[{"href":"https:\/\/public.kantarpolska.com\/archiwumraportow\/wp-json\/wp\/v2\/posts"}],"about":[{"href":"https:\/\/public.kantarpolska.com\/archiwumraportow\/wp-json\/wp\/v2\/types\/post"}],"author":[{"embeddable":true,"href":"https:\/\/public.kantarpolska.com\/archiwumraportow\/wp-json\/wp\/v2\/users\/10"}],"replies":[{"embeddable":true,"href":"https:\/\/public.kantarpolska.com\/archiwumraportow\/wp-json\/wp\/v2\/comments?post=5872"}],"version-history":[{"count":2,"href":"https:\/\/public.kantarpolska.com\/archiwumraportow\/wp-json\/wp\/v2\/posts\/5872\/revisions"}],"predecessor-version":[{"id":5877,"href":"https:\/\/public.kantarpolska.com\/archiwumraportow\/wp-json\/wp\/v2\/posts\/5872\/revisions\/5877"}],"wp:attachment":[{"href":"https:\/\/public.kantarpolska.com\/archiwumraportow\/wp-json\/wp\/v2\/media?parent=5872"}],"wp:term":[{"taxonomy":"category","embeddable":true,"href":"https:\/\/public.kantarpolska.com\/archiwumraportow\/wp-json\/wp\/v2\/categories?post=5872"},{"taxonomy":"post_tag","embeddable":true,"href":"https:\/\/public.kantarpolska.com\/archiwumraportow\/wp-json\/wp\/v2\/tags?post=5872"}],"curies":[{"name":"wp","href":"https:\/\/api.w.org\/{rel}","templated":true}]}}