
{"id":5861,"date":"2014-08-27T12:49:44","date_gmt":"2014-08-27T12:49:44","guid":{"rendered":"https:\/\/www.tnsglobal.pl\/archiwumraportow\/?p=5861"},"modified":"2014-08-27T12:49:44","modified_gmt":"2014-08-27T12:49:44","slug":"polacy-na-wakacjach-i-po-wakacjach","status":"publish","type":"post","link":"https:\/\/public.kantarpolska.com\/archiwumraportow\/2014\/08\/27\/polacy-na-wakacjach-i-po-wakacjach\/","title":{"rendered":"Polacy na wakacjach i po wakacjach"},"content":{"rendered":"<p>Wakacje dobiegaj\u0105 ko\u0144ca. Czas powr\u00f3ci\u0107 do codzienno\u015bci, ale zanim to nast\u0105pi przyjrzyjmy si\u0119, jak Polacy wypoczywaj\u0105, czy dziel\u0105 si\u0119 z najbli\u017cszymi swoimi wra\u017ceniami z wakacyjnych wyjazd\u00f3w? Jak radz\u0105 sobie, gdy pogoda nie pozwala na wypoczynek zgodny z<!--more--> planem? W sierpniu TNS Polska zapyta\u0142 Polak\u00f3w o wyjazdy urlopowe. Raport przedstawia uzyskane wyniki oraz ich om\u00f3wienie.<\/p>\n","protected":false},"excerpt":{"rendered":"<p>Wakacje dobiegaj\u0105 ko\u0144ca. Czas powr\u00f3ci\u0107 do codzienno\u015bci, ale zanim to nast\u0105pi przyjrzyjmy si\u0119, jak Polacy wypoczywaj\u0105, czy dziel\u0105 si\u0119 z najbli\u017cszymi swoimi wra\u017ceniami z wakacyjnych wyjazd\u00f3w? Jak radz\u0105 sobie, gdy pogoda nie pozwala na wypoczynek zgodny z<\/p>\n","protected":false},"author":10,"featured_media":0,"comment_status":"closed","ping_status":"closed","sticky":false,"template":"","format":"standard","meta":{"ngg_post_thumbnail":0},"categories":[1],"tags":[125],"_links":{"self":[{"href":"https:\/\/public.kantarpolska.com\/archiwumraportow\/wp-json\/wp\/v2\/posts\/5861"}],"collection":[{"href":"https:\/\/public.kantarpolska.com\/archiwumraportow\/wp-json\/wp\/v2\/posts"}],"about":[{"href":"https:\/\/public.kantarpolska.com\/archiwumraportow\/wp-json\/wp\/v2\/types\/post"}],"author":[{"embeddable":true,"href":"https:\/\/public.kantarpolska.com\/archiwumraportow\/wp-json\/wp\/v2\/users\/10"}],"replies":[{"embeddable":true,"href":"https:\/\/public.kantarpolska.com\/archiwumraportow\/wp-json\/wp\/v2\/comments?post=5861"}],"version-history":[{"count":1,"href":"https:\/\/public.kantarpolska.com\/archiwumraportow\/wp-json\/wp\/v2\/posts\/5861\/revisions"}],"predecessor-version":[{"id":5863,"href":"https:\/\/public.kantarpolska.com\/archiwumraportow\/wp-json\/wp\/v2\/posts\/5861\/revisions\/5863"}],"wp:attachment":[{"href":"https:\/\/public.kantarpolska.com\/archiwumraportow\/wp-json\/wp\/v2\/media?parent=5861"}],"wp:term":[{"taxonomy":"category","embeddable":true,"href":"https:\/\/public.kantarpolska.com\/archiwumraportow\/wp-json\/wp\/v2\/categories?post=5861"},{"taxonomy":"post_tag","embeddable":true,"href":"https:\/\/public.kantarpolska.com\/archiwumraportow\/wp-json\/wp\/v2\/tags?post=5861"}],"curies":[{"name":"wp","href":"https:\/\/api.w.org\/{rel}","templated":true}]}}