
{"id":5857,"date":"2014-08-26T12:40:49","date_gmt":"2014-08-26T12:40:49","guid":{"rendered":"https:\/\/www.tnsglobal.pl\/archiwumraportow\/?p=5857"},"modified":"2014-08-26T12:40:49","modified_gmt":"2014-08-26T12:40:49","slug":"ocena-dzialalnosci-rzadu-premiera-i-prezydenta-w-sierpniu-2014","status":"publish","type":"post","link":"https:\/\/public.kantarpolska.com\/archiwumraportow\/2014\/08\/26\/ocena-dzialalnosci-rzadu-premiera-i-prezydenta-w-sierpniu-2014\/","title":{"rendered":"Ocena dzia\u0142alno\u015bci rz\u0105du, premiera i prezydenta w sierpniu 2014"},"content":{"rendered":"<p>Tak jak co miesi\u0105c, w sierpniu 2014 roku TNS Polska zapyta\u0142 Polak\u00f3w o to, jak oceniaj\u0105 prac\u0119 rz\u0105du, premiera Donalda Tuska oraz prezydenta Bronis\u0142awa Komorowskiego. W raporcie zaprezentowane s\u0105 najnowsze wyniki oraz ich por\u00f3wnanie z danymi z <!--more-->poprzednich miesi\u0119cy.<\/p>\n","protected":false},"excerpt":{"rendered":"<p>Tak jak co miesi\u0105c, w sierpniu 2014 roku TNS Polska zapyta\u0142 Polak\u00f3w o to, jak oceniaj\u0105 prac\u0119 rz\u0105du, premiera Donalda Tuska oraz prezydenta Bronis\u0142awa Komorowskiego. W raporcie zaprezentowane s\u0105 najnowsze wyniki oraz ich por\u00f3wnanie z danymi z<\/p>\n","protected":false},"author":10,"featured_media":0,"comment_status":"closed","ping_status":"closed","sticky":false,"template":"","format":"standard","meta":{"ngg_post_thumbnail":0},"categories":[1],"tags":[11,12,10],"_links":{"self":[{"href":"https:\/\/public.kantarpolska.com\/archiwumraportow\/wp-json\/wp\/v2\/posts\/5857"}],"collection":[{"href":"https:\/\/public.kantarpolska.com\/archiwumraportow\/wp-json\/wp\/v2\/posts"}],"about":[{"href":"https:\/\/public.kantarpolska.com\/archiwumraportow\/wp-json\/wp\/v2\/types\/post"}],"author":[{"embeddable":true,"href":"https:\/\/public.kantarpolska.com\/archiwumraportow\/wp-json\/wp\/v2\/users\/10"}],"replies":[{"embeddable":true,"href":"https:\/\/public.kantarpolska.com\/archiwumraportow\/wp-json\/wp\/v2\/comments?post=5857"}],"version-history":[{"count":1,"href":"https:\/\/public.kantarpolska.com\/archiwumraportow\/wp-json\/wp\/v2\/posts\/5857\/revisions"}],"predecessor-version":[{"id":5859,"href":"https:\/\/public.kantarpolska.com\/archiwumraportow\/wp-json\/wp\/v2\/posts\/5857\/revisions\/5859"}],"wp:attachment":[{"href":"https:\/\/public.kantarpolska.com\/archiwumraportow\/wp-json\/wp\/v2\/media?parent=5857"}],"wp:term":[{"taxonomy":"category","embeddable":true,"href":"https:\/\/public.kantarpolska.com\/archiwumraportow\/wp-json\/wp\/v2\/categories?post=5857"},{"taxonomy":"post_tag","embeddable":true,"href":"https:\/\/public.kantarpolska.com\/archiwumraportow\/wp-json\/wp\/v2\/tags?post=5857"}],"curies":[{"name":"wp","href":"https:\/\/api.w.org\/{rel}","templated":true}]}}