
{"id":5825,"date":"2014-07-11T14:23:44","date_gmt":"2014-07-11T14:23:44","guid":{"rendered":"https:\/\/www.tnsglobal.pl\/archiwumraportow\/?p=5825"},"modified":"2014-07-31T07:52:18","modified_gmt":"2014-07-31T07:52:18","slug":"wakacje-2014","status":"publish","type":"post","link":"https:\/\/public.kantarpolska.com\/archiwumraportow\/2014\/07\/11\/wakacje-2014\/","title":{"rendered":"Wakacje 2014"},"content":{"rendered":"<p>Przyszed\u0142 czas na wakacje. Ilu z nas wybiera si\u0119 w tym roku na letni wypoczynek? W kt\u00f3rych cz\u0119\u015bciach Polski dot\u0105d byli\u015bmy? Kt\u00f3re miasto zdaniem Polak\u00f3w zas\u0142uguje na miano letniej stolicy naszego kraju? Poni\u017cszy raport\u00a0 prezentuje odpowiedzi na te pytania <!--more-->oraz zawiera ich por\u00f3wnanie z wynikami uzyskanymi 13 (w lipcu 2001 roku) i 19 lat temu (w lipcu 1995 roku).<\/p>\n","protected":false},"excerpt":{"rendered":"<p>Przyszed\u0142 czas na wakacje. Ilu z nas wybiera si\u0119 w tym roku na letni wypoczynek? W kt\u00f3rych cz\u0119\u015bciach Polski dot\u0105d byli\u015bmy? Kt\u00f3re miasto zdaniem Polak\u00f3w zas\u0142uguje na miano letniej stolicy naszego kraju? Poni\u017cszy raport\u00a0 prezentuje odpowiedzi na te pytania<\/p>\n","protected":false},"author":10,"featured_media":0,"comment_status":"closed","ping_status":"closed","sticky":false,"template":"","format":"standard","meta":{"ngg_post_thumbnail":0},"categories":[1],"tags":[125],"_links":{"self":[{"href":"https:\/\/public.kantarpolska.com\/archiwumraportow\/wp-json\/wp\/v2\/posts\/5825"}],"collection":[{"href":"https:\/\/public.kantarpolska.com\/archiwumraportow\/wp-json\/wp\/v2\/posts"}],"about":[{"href":"https:\/\/public.kantarpolska.com\/archiwumraportow\/wp-json\/wp\/v2\/types\/post"}],"author":[{"embeddable":true,"href":"https:\/\/public.kantarpolska.com\/archiwumraportow\/wp-json\/wp\/v2\/users\/10"}],"replies":[{"embeddable":true,"href":"https:\/\/public.kantarpolska.com\/archiwumraportow\/wp-json\/wp\/v2\/comments?post=5825"}],"version-history":[{"count":1,"href":"https:\/\/public.kantarpolska.com\/archiwumraportow\/wp-json\/wp\/v2\/posts\/5825\/revisions"}],"predecessor-version":[{"id":5827,"href":"https:\/\/public.kantarpolska.com\/archiwumraportow\/wp-json\/wp\/v2\/posts\/5825\/revisions\/5827"}],"wp:attachment":[{"href":"https:\/\/public.kantarpolska.com\/archiwumraportow\/wp-json\/wp\/v2\/media?parent=5825"}],"wp:term":[{"taxonomy":"category","embeddable":true,"href":"https:\/\/public.kantarpolska.com\/archiwumraportow\/wp-json\/wp\/v2\/categories?post=5825"},{"taxonomy":"post_tag","embeddable":true,"href":"https:\/\/public.kantarpolska.com\/archiwumraportow\/wp-json\/wp\/v2\/tags?post=5825"}],"curies":[{"name":"wp","href":"https:\/\/api.w.org\/{rel}","templated":true}]}}