
{"id":5820,"date":"2014-07-04T13:04:04","date_gmt":"2014-07-04T13:04:04","guid":{"rendered":"https:\/\/www.tnsglobal.pl\/archiwumraportow\/?p=5820"},"modified":"2014-07-04T13:04:04","modified_gmt":"2014-07-04T13:04:04","slug":"ile-czasu-rodzice-poswiecaja-swoim-dzieciom-2","status":"publish","type":"post","link":"https:\/\/public.kantarpolska.com\/archiwumraportow\/2014\/07\/04\/ile-czasu-rodzice-poswiecaja-swoim-dzieciom-2\/","title":{"rendered":"Ile czasu rodzice po\u015bwi\u0119caj\u0105 swoim dzieciom?"},"content":{"rendered":"<p>Niedawno \u2013 1 czerwca \u2013 obchodzony by\u0142 w Polsce Mi\u0119dzynarodowy Dzie\u0144 Dziecka. Zosta\u0142 on ustanowiony przez ONZ dok\u0142adnie 60 lat temu (w 1954 roku). O to, ile czasu rodzice po\u015bwi\u0119caj\u0105 swoim dzieciom nie od \u015bwi\u0119ta, tylko na co dzie\u0144 oraz co robi\u0105 wsp\u00f3lnie z <!--more-->dzie\u0107mi, zapyta\u0142 Polak\u00f3w jeszcze w maju TNS Polska. Raport zawiera naj\u015bwie\u017csze wyniki oraz ich por\u00f3wnanie z raportami OBOP z 1994 roku oraz TNS OBOP z 2004 na ten sam temat.<\/p>\n","protected":false},"excerpt":{"rendered":"<p>Niedawno \u2013 1 czerwca \u2013 obchodzony by\u0142 w Polsce Mi\u0119dzynarodowy Dzie\u0144 Dziecka. Zosta\u0142 on ustanowiony przez ONZ dok\u0142adnie 60 lat temu (w 1954 roku). O to, ile czasu rodzice po\u015bwi\u0119caj\u0105 swoim dzieciom nie od \u015bwi\u0119ta, tylko na co dzie\u0144 oraz co robi\u0105 wsp\u00f3lnie z<\/p>\n","protected":false},"author":10,"featured_media":0,"comment_status":"closed","ping_status":"closed","sticky":false,"template":"","format":"standard","meta":{"ngg_post_thumbnail":0},"categories":[1],"tags":[43,110,109],"_links":{"self":[{"href":"https:\/\/public.kantarpolska.com\/archiwumraportow\/wp-json\/wp\/v2\/posts\/5820"}],"collection":[{"href":"https:\/\/public.kantarpolska.com\/archiwumraportow\/wp-json\/wp\/v2\/posts"}],"about":[{"href":"https:\/\/public.kantarpolska.com\/archiwumraportow\/wp-json\/wp\/v2\/types\/post"}],"author":[{"embeddable":true,"href":"https:\/\/public.kantarpolska.com\/archiwumraportow\/wp-json\/wp\/v2\/users\/10"}],"replies":[{"embeddable":true,"href":"https:\/\/public.kantarpolska.com\/archiwumraportow\/wp-json\/wp\/v2\/comments?post=5820"}],"version-history":[{"count":1,"href":"https:\/\/public.kantarpolska.com\/archiwumraportow\/wp-json\/wp\/v2\/posts\/5820\/revisions"}],"predecessor-version":[{"id":5822,"href":"https:\/\/public.kantarpolska.com\/archiwumraportow\/wp-json\/wp\/v2\/posts\/5820\/revisions\/5822"}],"wp:attachment":[{"href":"https:\/\/public.kantarpolska.com\/archiwumraportow\/wp-json\/wp\/v2\/media?parent=5820"}],"wp:term":[{"taxonomy":"category","embeddable":true,"href":"https:\/\/public.kantarpolska.com\/archiwumraportow\/wp-json\/wp\/v2\/categories?post=5820"},{"taxonomy":"post_tag","embeddable":true,"href":"https:\/\/public.kantarpolska.com\/archiwumraportow\/wp-json\/wp\/v2\/tags?post=5820"}],"curies":[{"name":"wp","href":"https:\/\/api.w.org\/{rel}","templated":true}]}}