
{"id":5804,"date":"2014-06-24T12:27:17","date_gmt":"2014-06-24T12:27:17","guid":{"rendered":"https:\/\/www.tnsglobal.pl\/archiwumraportow\/?p=5804"},"modified":"2014-06-24T12:27:17","modified_gmt":"2014-06-24T12:27:17","slug":"polacy-o-ofe","status":"publish","type":"post","link":"https:\/\/public.kantarpolska.com\/archiwumraportow\/2014\/06\/24\/polacy-o-ofe\/","title":{"rendered":"Polacy o OFE"},"content":{"rendered":"<p>Do 31 lipca 2014 roku Polacy musz\u0105 zdecydowa\u0107, czy chc\u0105, by ich sk\u0142adki emerytalne by\u0142y odk\u0142adane cz\u0119\u015bciowo do ZUS i cz\u0119\u015bciowo do OFE czy tylko do ZUS. W maju TNS Polska zapyta\u0142 Polak\u00f3w o to, czy s\u0142yszeli o zmianach dotycz\u0105cych OFE oraz o to, co wiedz\u0105 na<!--more--> temat zmian. Raport prezentuje uzyskane wyniki oraz ich kr\u00f3tkie om\u00f3wienie.<\/p>\n","protected":false},"excerpt":{"rendered":"<p>Do 31 lipca 2014 roku Polacy musz\u0105 zdecydowa\u0107, czy chc\u0105, by ich sk\u0142adki emerytalne by\u0142y odk\u0142adane cz\u0119\u015bciowo do ZUS i cz\u0119\u015bciowo do OFE czy tylko do ZUS. W maju TNS Polska zapyta\u0142 Polak\u00f3w o to, czy s\u0142yszeli o zmianach dotycz\u0105cych OFE oraz o to, co wiedz\u0105 na<\/p>\n","protected":false},"author":10,"featured_media":0,"comment_status":"closed","ping_status":"closed","sticky":false,"template":"","format":"standard","meta":{"ngg_post_thumbnail":0},"categories":[1],"tags":[114,111],"_links":{"self":[{"href":"https:\/\/public.kantarpolska.com\/archiwumraportow\/wp-json\/wp\/v2\/posts\/5804"}],"collection":[{"href":"https:\/\/public.kantarpolska.com\/archiwumraportow\/wp-json\/wp\/v2\/posts"}],"about":[{"href":"https:\/\/public.kantarpolska.com\/archiwumraportow\/wp-json\/wp\/v2\/types\/post"}],"author":[{"embeddable":true,"href":"https:\/\/public.kantarpolska.com\/archiwumraportow\/wp-json\/wp\/v2\/users\/10"}],"replies":[{"embeddable":true,"href":"https:\/\/public.kantarpolska.com\/archiwumraportow\/wp-json\/wp\/v2\/comments?post=5804"}],"version-history":[{"count":1,"href":"https:\/\/public.kantarpolska.com\/archiwumraportow\/wp-json\/wp\/v2\/posts\/5804\/revisions"}],"predecessor-version":[{"id":5806,"href":"https:\/\/public.kantarpolska.com\/archiwumraportow\/wp-json\/wp\/v2\/posts\/5804\/revisions\/5806"}],"wp:attachment":[{"href":"https:\/\/public.kantarpolska.com\/archiwumraportow\/wp-json\/wp\/v2\/media?parent=5804"}],"wp:term":[{"taxonomy":"category","embeddable":true,"href":"https:\/\/public.kantarpolska.com\/archiwumraportow\/wp-json\/wp\/v2\/categories?post=5804"},{"taxonomy":"post_tag","embeddable":true,"href":"https:\/\/public.kantarpolska.com\/archiwumraportow\/wp-json\/wp\/v2\/tags?post=5804"}],"curies":[{"name":"wp","href":"https:\/\/api.w.org\/{rel}","templated":true}]}}