
{"id":5796,"date":"2014-06-03T12:57:51","date_gmt":"2014-06-03T12:57:51","guid":{"rendered":"https:\/\/www.tnsglobal.pl\/archiwumraportow\/?p=5796"},"modified":"2015-11-25T11:46:10","modified_gmt":"2015-11-25T11:46:10","slug":"komuna-i-demokracja-jak-je-oceniamy-i-jak-o-nich-mowimy","status":"publish","type":"post","link":"https:\/\/public.kantarpolska.com\/archiwumraportow\/2014\/06\/03\/komuna-i-demokracja-jak-je-oceniamy-i-jak-o-nich-mowimy\/","title":{"rendered":"Komuna i demokracja &#8211; jak je oceniamy i jak o nich m\u00f3wimy"},"content":{"rendered":"<p>Od pierwszych cz\u0119\u015bciowo wolnych wybor\u00f3w w Polsce po II wojnie \u015bwiatowej (4 czerwca 1989 roku) do dzisiaj mija \u0107wier\u0107 wieku. W kwietniu TNS Polska zapyta\u0142 Polak\u00f3w o to, jak oceniaj\u0105 okres Polski Ludowej, jak najcz\u0119\u015bciej go nazywaj\u0105 oraz jak postrzegaj\u0105 ostatnie 25 <!--more-->lat demokracji w naszym kraju. Komunikat prezentuje uzyskane wyniki oraz ich kr\u00f3tkie om\u00f3wienie.<\/p>\n","protected":false},"excerpt":{"rendered":"<p>Od pierwszych cz\u0119\u015bciowo wolnych wybor\u00f3w w Polsce po II wojnie \u015bwiatowej (4 czerwca 1989 roku) do dzisiaj mija \u0107wier\u0107 wieku. W kwietniu TNS Polska zapyta\u0142 Polak\u00f3w o to, jak oceniaj\u0105 okres Polski Ludowej, jak najcz\u0119\u015bciej go nazywaj\u0105 oraz jak postrzegaj\u0105 ostatnie 25<\/p>\n","protected":false},"author":10,"featured_media":0,"comment_status":"closed","ping_status":"closed","sticky":false,"template":"","format":"standard","meta":{"ngg_post_thumbnail":0},"categories":[1],"tags":[123,124],"_links":{"self":[{"href":"https:\/\/public.kantarpolska.com\/archiwumraportow\/wp-json\/wp\/v2\/posts\/5796"}],"collection":[{"href":"https:\/\/public.kantarpolska.com\/archiwumraportow\/wp-json\/wp\/v2\/posts"}],"about":[{"href":"https:\/\/public.kantarpolska.com\/archiwumraportow\/wp-json\/wp\/v2\/types\/post"}],"author":[{"embeddable":true,"href":"https:\/\/public.kantarpolska.com\/archiwumraportow\/wp-json\/wp\/v2\/users\/10"}],"replies":[{"embeddable":true,"href":"https:\/\/public.kantarpolska.com\/archiwumraportow\/wp-json\/wp\/v2\/comments?post=5796"}],"version-history":[{"count":2,"href":"https:\/\/public.kantarpolska.com\/archiwumraportow\/wp-json\/wp\/v2\/posts\/5796\/revisions"}],"predecessor-version":[{"id":6380,"href":"https:\/\/public.kantarpolska.com\/archiwumraportow\/wp-json\/wp\/v2\/posts\/5796\/revisions\/6380"}],"wp:attachment":[{"href":"https:\/\/public.kantarpolska.com\/archiwumraportow\/wp-json\/wp\/v2\/media?parent=5796"}],"wp:term":[{"taxonomy":"category","embeddable":true,"href":"https:\/\/public.kantarpolska.com\/archiwumraportow\/wp-json\/wp\/v2\/categories?post=5796"},{"taxonomy":"post_tag","embeddable":true,"href":"https:\/\/public.kantarpolska.com\/archiwumraportow\/wp-json\/wp\/v2\/tags?post=5796"}],"curies":[{"name":"wp","href":"https:\/\/api.w.org\/{rel}","templated":true}]}}