
{"id":5775,"date":"2014-05-21T10:55:51","date_gmt":"2014-05-21T10:55:51","guid":{"rendered":"https:\/\/www.tnsglobal.pl\/archiwumraportow\/?p=5775"},"modified":"2014-05-21T10:56:51","modified_gmt":"2014-05-21T10:56:51","slug":"transformacja-maly-quiz-historyczny","status":"publish","type":"post","link":"https:\/\/public.kantarpolska.com\/archiwumraportow\/2014\/05\/21\/transformacja-maly-quiz-historyczny\/","title":{"rendered":"Transformacja \u2013 ma\u0142y quiz historyczny"},"content":{"rendered":"<p>W kwietniu blisko tysi\u0105c Polak\u00f3w wzi\u0119\u0142o udzia\u0142 w ma\u0142ym quizie z wiedzy na temat najnowszej historii Polski. Uczestnicy zmierzyli si\u0119 z sze\u015bcioma pytaniami, kt\u00f3re dotyczy\u0142y okresu transformacji. Respondenci zostali poproszeni m.in. o to, by powiedzie\u0107, co oznacza<!--more--> skr\u00f3t PZPR lub kto by\u0142 pierwszym premierem Polski po zmianie ustroju. Raport przedstawia wyniki tego kr\u00f3tkiego testu.<\/p>\n","protected":false},"excerpt":{"rendered":"<p>W kwietniu blisko tysi\u0105c Polak\u00f3w wzi\u0119\u0142o udzia\u0142 w ma\u0142ym quizie z wiedzy na temat najnowszej historii Polski. Uczestnicy zmierzyli si\u0119 z sze\u015bcioma pytaniami, kt\u00f3re dotyczy\u0142y okresu transformacji. Respondenci zostali poproszeni m.in. o to, by powiedzie\u0107, co oznacza<\/p>\n","protected":false},"author":10,"featured_media":0,"comment_status":"closed","ping_status":"closed","sticky":false,"template":"","format":"standard","meta":{"ngg_post_thumbnail":0},"categories":[1],"tags":[123,93],"_links":{"self":[{"href":"https:\/\/public.kantarpolska.com\/archiwumraportow\/wp-json\/wp\/v2\/posts\/5775"}],"collection":[{"href":"https:\/\/public.kantarpolska.com\/archiwumraportow\/wp-json\/wp\/v2\/posts"}],"about":[{"href":"https:\/\/public.kantarpolska.com\/archiwumraportow\/wp-json\/wp\/v2\/types\/post"}],"author":[{"embeddable":true,"href":"https:\/\/public.kantarpolska.com\/archiwumraportow\/wp-json\/wp\/v2\/users\/10"}],"replies":[{"embeddable":true,"href":"https:\/\/public.kantarpolska.com\/archiwumraportow\/wp-json\/wp\/v2\/comments?post=5775"}],"version-history":[{"count":1,"href":"https:\/\/public.kantarpolska.com\/archiwumraportow\/wp-json\/wp\/v2\/posts\/5775\/revisions"}],"predecessor-version":[{"id":5777,"href":"https:\/\/public.kantarpolska.com\/archiwumraportow\/wp-json\/wp\/v2\/posts\/5775\/revisions\/5777"}],"wp:attachment":[{"href":"https:\/\/public.kantarpolska.com\/archiwumraportow\/wp-json\/wp\/v2\/media?parent=5775"}],"wp:term":[{"taxonomy":"category","embeddable":true,"href":"https:\/\/public.kantarpolska.com\/archiwumraportow\/wp-json\/wp\/v2\/categories?post=5775"},{"taxonomy":"post_tag","embeddable":true,"href":"https:\/\/public.kantarpolska.com\/archiwumraportow\/wp-json\/wp\/v2\/tags?post=5775"}],"curies":[{"name":"wp","href":"https:\/\/api.w.org\/{rel}","templated":true}]}}