
{"id":5689,"date":"2014-04-15T15:02:57","date_gmt":"2014-04-15T15:02:57","guid":{"rendered":"https:\/\/www.tnsglobal.pl\/archiwumraportow\/?p=5689"},"modified":"2014-04-15T15:04:21","modified_gmt":"2014-04-15T15:04:21","slug":"nastroje-spoleczne-polakow-kwiecien-2014","status":"publish","type":"post","link":"https:\/\/public.kantarpolska.com\/archiwumraportow\/2014\/04\/15\/nastroje-spoleczne-polakow-kwiecien-2014\/","title":{"rendered":"Nastroje spo\u0142eczne Polak\u00f3w. Kwiecie\u0144 2014"},"content":{"rendered":"<p>Tak jak w ka\u017cdym miesi\u0105cu, r\u00f3wnie\u017c w kwietniu TNS Polska przeprowadzi\u0142 badanie nastroj\u00f3w spo\u0142ecznych. Respondenci zostali zapytani o opinie na temat kierunku biegu spraw w naszym kraju, ocen\u0119 stanu polskiej gospodarki i ocen\u0119 prognozy zmian sytuacji<!--more--> materialnej ludno\u015bci w ci\u0105gu najbli\u017cszych trzech lat, a tak\u017ce ocen\u0119 mo\u017cliwo\u015bci znalezienia pracy w Polsce.<br \/>\nKomunikat prezentuje wyniki uzyskane w kwietniu i zestawia je z notowaniami z ostatnich miesi\u0119cy.<\/p>\n","protected":false},"excerpt":{"rendered":"<p>Tak jak w ka\u017cdym miesi\u0105cu, r\u00f3wnie\u017c w kwietniu TNS Polska przeprowadzi\u0142 badanie nastroj\u00f3w spo\u0142ecznych. Respondenci zostali zapytani o opinie na temat kierunku biegu spraw w naszym kraju, ocen\u0119 stanu polskiej gospodarki i ocen\u0119 prognozy zmian sytuacji<\/p>\n","protected":false},"author":10,"featured_media":0,"comment_status":"closed","ping_status":"closed","sticky":false,"template":"","format":"standard","meta":{"ngg_post_thumbnail":0},"categories":[1],"tags":[28,25,30,29],"_links":{"self":[{"href":"https:\/\/public.kantarpolska.com\/archiwumraportow\/wp-json\/wp\/v2\/posts\/5689"}],"collection":[{"href":"https:\/\/public.kantarpolska.com\/archiwumraportow\/wp-json\/wp\/v2\/posts"}],"about":[{"href":"https:\/\/public.kantarpolska.com\/archiwumraportow\/wp-json\/wp\/v2\/types\/post"}],"author":[{"embeddable":true,"href":"https:\/\/public.kantarpolska.com\/archiwumraportow\/wp-json\/wp\/v2\/users\/10"}],"replies":[{"embeddable":true,"href":"https:\/\/public.kantarpolska.com\/archiwumraportow\/wp-json\/wp\/v2\/comments?post=5689"}],"version-history":[{"count":2,"href":"https:\/\/public.kantarpolska.com\/archiwumraportow\/wp-json\/wp\/v2\/posts\/5689\/revisions"}],"predecessor-version":[{"id":5692,"href":"https:\/\/public.kantarpolska.com\/archiwumraportow\/wp-json\/wp\/v2\/posts\/5689\/revisions\/5692"}],"wp:attachment":[{"href":"https:\/\/public.kantarpolska.com\/archiwumraportow\/wp-json\/wp\/v2\/media?parent=5689"}],"wp:term":[{"taxonomy":"category","embeddable":true,"href":"https:\/\/public.kantarpolska.com\/archiwumraportow\/wp-json\/wp\/v2\/categories?post=5689"},{"taxonomy":"post_tag","embeddable":true,"href":"https:\/\/public.kantarpolska.com\/archiwumraportow\/wp-json\/wp\/v2\/tags?post=5689"}],"curies":[{"name":"wp","href":"https:\/\/api.w.org\/{rel}","templated":true}]}}